{"id":69818,"date":"2025-03-27T11:00:05","date_gmt":"2025-03-27T09:00:05","guid":{"rendered":"https:\/\/orheifm.live\/index.php\/2025\/03\/27\/turcia-un-hotel-inchis-a-ars-la-uludag-provocand-moartea-a-doi-angajati\/"},"modified":"2025-03-27T11:00:05","modified_gmt":"2025-03-27T09:00:05","slug":"turcia-un-hotel-inchis-a-ars-la-uludag-provocand-moartea-a-doi-angajati","status":"publish","type":"post","link":"https:\/\/orheifm.live\/index.php\/2025\/03\/27\/turcia-un-hotel-inchis-a-ars-la-uludag-provocand-moartea-a-doi-angajati\/","title":{"rendered":"Turcia: Un hotel \u00eenchis a ars la Uluda\u011f, provoc\u00e2nd moartea a doi angaja\u021bi"},"content":{"rendered":"<div>\n<p><strong>\u00cen Turcia, la sta\u021biunea montan\u0103 de schi Uluda\u011f, un hotel \u00eenchis a ars, iar doi angaja\u021bi ai unit\u0103\u021bii \u0219i-au pierdut via\u021ba. Potrivit agen\u021biei RIA Novosti, care citeaz\u0103 administra\u021bia guvernatorului provinciei Bursa, hotelul fusese \u00eenchis \u00eenc\u0103 din ianuarie, dup\u0103 ce \u0219i-a pierdut licen\u021ba din cauza unor nereguli.<\/strong><\/p>\n<p>La stingerea incendiului au intervenit imediat 110 angaja\u021bi, iar incendiul a fost localizat. 12 angaja\u021bi ai hotelului au fost evacua\u021bi, dar din p\u0103cate, doi dintre ace\u0219tia au decedat. Autorit\u0103\u021bile au men\u021bionat c\u0103 hotelul a suferit daune semnificative. Cauza incendiului ar putea fi legat\u0103 de lucr\u0103rile de renovare sau de utilizarea necorespunz\u0103toare a focului \u00een timpul prepar\u0103rii m\u00e2nc\u0103rii.<\/p>\n<p>Este important de men\u021bionat c\u0103, \u00een ianuarie, un alt incendiu devastator a avut loc \u00een Turcia, la hotelul Grand Kartal din sta\u021biunea de schi Kartalkaya. Din cauza structurii din lemn a cl\u0103dirii, fl\u0103c\u0103rile s-au r\u0103sp\u00e2ndit rapid, cu 238 de persoane aflate \u00een interior. 79 de persoane au murit \u0219i 51 au fost r\u0103nite.<\/p>\n<\/div>\n","protected":false},"excerpt":{"rendered":"<div><img loading=\"lazy\" decoding=\"async\" width=\"696\" height=\"349\" src=\"https:\/\/canal5.md\/wp-content\/uploads\/2025\/03\/snimok-ekrana_27-3-2025_93725_tv6.live_-1024x514-optimized.jpeg\" class=\"attachment-large size-large wp-post-image\" alt=\"\" srcset=\"https:\/\/canal5.md\/wp-content\/uploads\/2025\/03\/snimok-ekrana_27-3-2025_93725_tv6.live_-1024x514-optimized.jpeg 1024w, https:\/\/canal5.md\/wp-content\/uploads\/2025\/03\/snimok-ekrana_27-3-2025_93725_tv6.live_-300x151-optimized.jpeg 300w, https:\/\/canal5.md\/wp-content\/uploads\/2025\/03\/snimok-ekrana_27-3-2025_93725_tv6.live_-768x386-optimized.jpeg 768w, https:\/\/canal5.md\/wp-content\/uploads\/2025\/03\/snimok-ekrana_27-3-2025_93725_tv6.live_-696x350-optimized.jpeg 696w, https:\/\/canal5.md\/wp-content\/uploads\/2025\/03\/snimok-ekrana_27-3-2025_93725_tv6.live_-optimized.jpeg 1061w\">\u00cen Turcia, la sta\u021biunea montan\u0103 de schi Uluda\u011f, un hotel \u00eenchis a ars, iar doi angaja\u021bi ai unit\u0103\u021bii \u0219i-au pierdut via\u021ba. Potrivit agen\u021biei RIA Novosti, care citeaz\u0103 administra\u021bia guvernatorului provinciei Bursa, hotelul fusese \u00eenchis \u00eenc\u0103 din ianuarie, dup\u0103 ce \u0219i-a pierdut licen\u021ba din cauza unor nereguli. La stingerea incendiului au intervenit imediat 110 angaja\u021bi, iar [\u2026]<\/div>\n","protected":false},"author":1,"featured_media":69819,"comment_status":"closed","ping_status":"closed","sticky":false,"template":"","format":"standard","meta":{"jnews-multi-image_gallery":[],"jnews_single_post":[],"jnews_primary_category":[],"jnews_social_meta":[],"jnews_override_counter":[],"footnotes":""},"categories":[29],"tags":[],"class_list":["post-69818","post","type-post","status-publish","format-standard","has-post-thumbnail","hentry","category-externe_ro"],"_links":{"self":[{"href":"https:\/\/orheifm.live\/index.php\/wp-json\/wp\/v2\/posts\/69818","targetHints":{"allow":["GET"]}}],"collection":[{"href":"https:\/\/orheifm.live\/index.php\/wp-json\/wp\/v2\/posts"}],"about":[{"href":"https:\/\/orheifm.live\/index.php\/wp-json\/wp\/v2\/types\/post"}],"author":[{"embeddable":true,"href":"https:\/\/orheifm.live\/index.php\/wp-json\/wp\/v2\/users\/1"}],"replies":[{"embeddable":true,"href":"https:\/\/orheifm.live\/index.php\/wp-json\/wp\/v2\/comments?post=69818"}],"version-history":[{"count":0,"href":"https:\/\/orheifm.live\/index.php\/wp-json\/wp\/v2\/posts\/69818\/revisions"}],"wp:featuredmedia":[{"embeddable":true,"href":"https:\/\/orheifm.live\/index.php\/wp-json\/wp\/v2\/media\/69819"}],"wp:attachment":[{"href":"https:\/\/orheifm.live\/index.php\/wp-json\/wp\/v2\/media?parent=69818"}],"wp:term":[{"taxonomy":"category","embeddable":true,"href":"https:\/\/orheifm.live\/index.php\/wp-json\/wp\/v2\/categories?post=69818"},{"taxonomy":"post_tag","embeddable":true,"href":"https:\/\/orheifm.live\/index.php\/wp-json\/wp\/v2\/tags?post=69818"}],"curies":[{"name":"wp","href":"https:\/\/api.w.org\/{rel}","templated":true}]}}