{"id":69814,"date":"2025-03-27T10:20:15","date_gmt":"2025-03-27T08:20:15","guid":{"rendered":"https:\/\/orheifm.live\/index.php\/2025\/03\/27\/trafic-restrictionat-pe-strada-puskin-din-chisinau-pe-27-martie\/"},"modified":"2025-03-27T10:20:15","modified_gmt":"2025-03-27T08:20:15","slug":"trafic-restrictionat-pe-strada-puskin-din-chisinau-pe-27-martie","status":"publish","type":"post","link":"https:\/\/orheifm.live\/index.php\/2025\/03\/27\/trafic-restrictionat-pe-strada-puskin-din-chisinau-pe-27-martie\/","title":{"rendered":"Trafic restric\u021bionat pe strada Pu\u0219kin din Chi\u0219in\u0103u pe 27 martie"},"content":{"rendered":"<div>\n<p class=\"\" data-start=\"0\" data-end=\"231\"><strong>Prim\u0103ria Municipiului Chi\u0219in\u0103u anun\u021b\u0103 c\u0103 joi, 27 martie, \u00eentre orele 11:00 \u0219i 14:00, traficul rutier pe strada Alexandr Pu\u0219kin va fi par\u021bial suspendat, pe tronsonul dintre str\u0103zile Bucure\u0219ti \u0219i 31 August 1989.<\/strong><\/p>\n<p class=\"\" data-start=\"233\" data-end=\"445\">M\u0103sura este necesar\u0103 pentru inaugurarea Monumentului Reginei Maria, \u00een scuarul IPLT \u201eGheorghe Asachi\u201d. \u00cen acest interval, troleibuzele care circul\u0103 pe acest segment vor fi deviate pe banda a doua de circula\u021bie.<\/p>\n<p class=\"\" data-start=\"447\" data-end=\"593\">\u0218oferii sunt \u00eendemna\u021bi s\u0103 respecte indica\u021biile agen\u021bilor de circula\u021bie \u0219i s\u0103 manifeste r\u0103bdare \u0219i disciplin\u0103 pentru a evita blocajele \u00een trafic.<\/p>\n<\/div>\n","protected":false},"excerpt":{"rendered":"<div><img loading=\"lazy\" decoding=\"async\" width=\"696\" height=\"391\" src=\"https:\/\/canal5.md\/wp-content\/uploads\/2025\/03\/suspendarea-traficului-900x505-1-1-optimized.png\" class=\"attachment-large size-large wp-post-image\" alt=\"\" srcset=\"https:\/\/canal5.md\/wp-content\/uploads\/2025\/03\/suspendarea-traficului-900x505-1-1-optimized.png 900w, https:\/\/canal5.md\/wp-content\/uploads\/2025\/03\/suspendarea-traficului-900x505-1-1-300x168-optimized.png 300w, https:\/\/canal5.md\/wp-content\/uploads\/2025\/03\/suspendarea-traficului-900x505-1-1-768x431-optimized.png 768w, https:\/\/canal5.md\/wp-content\/uploads\/2025\/03\/suspendarea-traficului-900x505-1-1-696x391-optimized.png 696w\">Prim\u0103ria Municipiului Chi\u0219in\u0103u anun\u021b\u0103 c\u0103 joi, 27 martie, \u00eentre orele 11:00 \u0219i 14:00, traficul rutier pe strada Alexandr Pu\u0219kin va fi par\u021bial suspendat, pe tronsonul dintre str\u0103zile Bucure\u0219ti \u0219i 31 August 1989. M\u0103sura este necesar\u0103 pentru inaugurarea Monumentului Reginei Maria, \u00een scuarul IPLT \u201eGheorghe Asachi\u201d. \u00cen acest interval, troleibuzele care circul\u0103 pe acest segment vor [\u2026]<\/div>\n","protected":false},"author":1,"featured_media":69815,"comment_status":"closed","ping_status":"closed","sticky":false,"template":"","format":"standard","meta":{"jnews-multi-image_gallery":[],"jnews_single_post":[],"jnews_primary_category":[],"jnews_social_meta":[],"jnews_override_counter":[],"footnotes":""},"categories":[23],"tags":[],"class_list":["post-69814","post","type-post","status-publish","format-standard","has-post-thumbnail","hentry","category-politica_ro"],"_links":{"self":[{"href":"https:\/\/orheifm.live\/index.php\/wp-json\/wp\/v2\/posts\/69814","targetHints":{"allow":["GET"]}}],"collection":[{"href":"https:\/\/orheifm.live\/index.php\/wp-json\/wp\/v2\/posts"}],"about":[{"href":"https:\/\/orheifm.live\/index.php\/wp-json\/wp\/v2\/types\/post"}],"author":[{"embeddable":true,"href":"https:\/\/orheifm.live\/index.php\/wp-json\/wp\/v2\/users\/1"}],"replies":[{"embeddable":true,"href":"https:\/\/orheifm.live\/index.php\/wp-json\/wp\/v2\/comments?post=69814"}],"version-history":[{"count":0,"href":"https:\/\/orheifm.live\/index.php\/wp-json\/wp\/v2\/posts\/69814\/revisions"}],"wp:featuredmedia":[{"embeddable":true,"href":"https:\/\/orheifm.live\/index.php\/wp-json\/wp\/v2\/media\/69815"}],"wp:attachment":[{"href":"https:\/\/orheifm.live\/index.php\/wp-json\/wp\/v2\/media?parent=69814"}],"wp:term":[{"taxonomy":"category","embeddable":true,"href":"https:\/\/orheifm.live\/index.php\/wp-json\/wp\/v2\/categories?post=69814"},{"taxonomy":"post_tag","embeddable":true,"href":"https:\/\/orheifm.live\/index.php\/wp-json\/wp\/v2\/tags?post=69814"}],"curies":[{"name":"wp","href":"https:\/\/api.w.org\/{rel}","templated":true}]}}