{"id":69812,"date":"2025-03-27T09:20:58","date_gmt":"2025-03-27T07:20:58","guid":{"rendered":"https:\/\/orheifm.live\/index.php\/2025\/03\/27\/trafic-restrictionat-la-ptf-costesti-timp-de-patru-zile\/"},"modified":"2025-03-27T09:20:58","modified_gmt":"2025-03-27T07:20:58","slug":"trafic-restrictionat-la-ptf-costesti-timp-de-patru-zile","status":"publish","type":"post","link":"https:\/\/orheifm.live\/index.php\/2025\/03\/27\/trafic-restrictionat-la-ptf-costesti-timp-de-patru-zile\/","title":{"rendered":"Trafic restric\u021bionat la PTF Coste\u0219ti timp de patru zile"},"content":{"rendered":"<div>\n<p><strong>\u00cen perioada 27-30 martie, \u00eentre orele 08:00 \u0219i 16:00, pe partea rom\u00e2n\u0103 a barajului St\u00eenca \u2013 Coste\u0219ti se vor desf\u0103\u0219ura lucr\u0103ri tehnice, ceea ce va interzice traversarea \u0219i va duce la suspendarea activit\u0103\u021bii Punctului de Trecere a Frontierei Coste\u0219ti.<\/strong><\/p>\n<p>Serviciul Vamal recomand\u0103 participan\u021bilor la traficul transfrontalier s\u0103 opteze pentru alte puncte de trecere a frontierei cu Rom\u00e2nia, precum PTF Lipcani, PTF Leu\u0219eni, PTF Sculeni, PTF Cahul sau PTF Leova.<\/p>\n<p>Pentru o planificare mai eficient\u0103 a c\u0103l\u0103toriilor, c\u0103l\u0103torii sunt sf\u0103tui\u021bi s\u0103 consulte h\u0103r\u021bile online \u0219i s\u0103 acceseze pagina oficial\u0103 a Poli\u021biei de Frontier\u0103 pentru informa\u021bii actualizate privind traficul. De asemenea, pot contacta Linia verde la +373 22 259 717 pentru detalii suplimentare.<\/p>\n<\/div>\n","protected":false},"excerpt":{"rendered":"<div><img loading=\"lazy\" decoding=\"async\" width=\"696\" height=\"458\" src=\"https:\/\/canal5.md\/wp-content\/uploads\/2025\/03\/805703-optimized.webp\" class=\"attachment-large size-large wp-post-image\" alt=\"\" srcset=\"https:\/\/canal5.md\/wp-content\/uploads\/2025\/03\/805703-optimized.webp 760w, https:\/\/canal5.md\/wp-content\/uploads\/2025\/03\/805703-300x197-optimized.webp 300w, https:\/\/canal5.md\/wp-content\/uploads\/2025\/03\/805703-696x458-optimized.webp 696w\">\u00cen perioada 27-30 martie, \u00eentre orele 08:00 \u0219i 16:00, pe partea rom\u00e2n\u0103 a barajului St\u00eenca \u2013 Coste\u0219ti se vor desf\u0103\u0219ura lucr\u0103ri tehnice, ceea ce va interzice traversarea \u0219i va duce la suspendarea activit\u0103\u021bii Punctului de Trecere a Frontierei Coste\u0219ti. Serviciul Vamal recomand\u0103 participan\u021bilor la traficul transfrontalier s\u0103 opteze pentru alte puncte de trecere a frontierei [\u2026]<\/div>\n","protected":false},"author":1,"featured_media":69813,"comment_status":"closed","ping_status":"closed","sticky":false,"template":"","format":"standard","meta":{"jnews-multi-image_gallery":[],"jnews_single_post":[],"jnews_primary_category":[],"jnews_social_meta":[],"jnews_override_counter":[],"footnotes":""},"categories":[30],"tags":[],"class_list":["post-69812","post","type-post","status-publish","format-standard","has-post-thumbnail","hentry","category-social_ro"],"_links":{"self":[{"href":"https:\/\/orheifm.live\/index.php\/wp-json\/wp\/v2\/posts\/69812","targetHints":{"allow":["GET"]}}],"collection":[{"href":"https:\/\/orheifm.live\/index.php\/wp-json\/wp\/v2\/posts"}],"about":[{"href":"https:\/\/orheifm.live\/index.php\/wp-json\/wp\/v2\/types\/post"}],"author":[{"embeddable":true,"href":"https:\/\/orheifm.live\/index.php\/wp-json\/wp\/v2\/users\/1"}],"replies":[{"embeddable":true,"href":"https:\/\/orheifm.live\/index.php\/wp-json\/wp\/v2\/comments?post=69812"}],"version-history":[{"count":0,"href":"https:\/\/orheifm.live\/index.php\/wp-json\/wp\/v2\/posts\/69812\/revisions"}],"wp:featuredmedia":[{"embeddable":true,"href":"https:\/\/orheifm.live\/index.php\/wp-json\/wp\/v2\/media\/69813"}],"wp:attachment":[{"href":"https:\/\/orheifm.live\/index.php\/wp-json\/wp\/v2\/media?parent=69812"}],"wp:term":[{"taxonomy":"category","embeddable":true,"href":"https:\/\/orheifm.live\/index.php\/wp-json\/wp\/v2\/categories?post=69812"},{"taxonomy":"post_tag","embeddable":true,"href":"https:\/\/orheifm.live\/index.php\/wp-json\/wp\/v2\/tags?post=69812"}],"curies":[{"name":"wp","href":"https:\/\/api.w.org\/{rel}","templated":true}]}}