{"id":69805,"date":"2025-03-26T22:38:10","date_gmt":"2025-03-26T20:38:10","guid":{"rendered":"https:\/\/orheifm.live\/index.php\/2025\/03\/26\/polonia-va-suspenda-dreptul-de-a-solicita-azil-pentru-migrantii-care-intra-in-tara-pe-la-frontiera-sa-cu-belarus-citeste-mai-mult-la-https-www-digi24-ro-stiri-externe-ue-polonia-va-suspenda-dreptu\/"},"modified":"2025-03-26T22:38:10","modified_gmt":"2025-03-26T20:38:10","slug":"polonia-va-suspenda-dreptul-de-a-solicita-azil-pentru-migrantii-care-intra-in-tara-pe-la-frontiera-sa-cu-belarus-citeste-mai-mult-la-https-www-digi24-ro-stiri-externe-ue-polonia-va-suspenda-dreptu","status":"publish","type":"post","link":"https:\/\/orheifm.live\/index.php\/2025\/03\/26\/polonia-va-suspenda-dreptul-de-a-solicita-azil-pentru-migrantii-care-intra-in-tara-pe-la-frontiera-sa-cu-belarus-citeste-mai-mult-la-https-www-digi24-ro-stiri-externe-ue-polonia-va-suspenda-dreptu\/","title":{"rendered":"Polonia va suspenda dreptul de a solicita azil pentru migran\u021bii care intr\u0103 \u00een \u021bar\u0103 pe la frontiera sa cu Belarus"},"content":{"rendered":"<div>\n<p><strong>Premierul polonez Donald Tusk a declarat c\u0103 guvernul s\u0103u va suspenda temporar dreptul de a solicta azil\u00a0 al migran\u021bilor care ajung \u00een Polonia prin grani\u021ba cu Belarus, transmite BBC. Tusk a f\u0103cut acest anun\u021b dup\u0103 ce controversatul proiect de lege, care va permite autorit\u0103\u021bilor poloneze s\u0103 suspende acest drept pentru o perioad\u0103 de p\u00e2n\u0103 la 60 de zile, a fost promulgat de pre\u0219edintele Andrzej Duda. <\/strong><\/p>\n<p>Tusk a declarat c\u0103 guvernul s\u0103u va adopta legea \u201ef\u0103r\u0103 niciun moment de \u00eent\u00e2rziere\u201d, \u00een timp ce Duda a afirmat c\u0103 modific\u0103rile sunt necesare pentru a consolida securitatea la frontierele \u021b\u0103rii. Dar legea a fost criticat\u0103 de grupuri pentru drepturile omului, inclusiv Human Rights Watch, care a declarat c\u0103 UE ar trebui s\u0103 ia m\u0103suri legale \u00eempotriva Poloniei \u00een cazul \u00een care aceasta ar fi pus\u0103 \u00een aplicare.<\/p>\n<p>Luna trecut\u0103, grupul a \u00eendemnat parlamentul \u021b\u0103rii s\u0103 resping\u0103 proiectul de lege, afirm\u00e2nd c\u0103 acesta \u201econtravine obliga\u021biilor interna\u021bionale \u0219i UE ale Poloniei\u201d \u0219i ar putea \u201esigila complet frontiera Polonia-Belarus, unde autorit\u0103\u021bile poloneze se angajeaz\u0103 deja \u00een respingeri ilegale \u0219i abuzive\u201d. Guvernul a declarat anterior c\u0103 suspendarea va fi aplicat\u0103 doar temporar persoanelor care reprezint\u0103 o amenin\u021bare la adresa securit\u0103\u021bii statului, de exemplu grupurilor mari de migran\u021bi agresivi care \u00eencearc\u0103 s\u0103 ia cu asalt frontiera. Se vor face excep\u021bii pentru minorii ne\u00eenso\u021bi\u021bi, femeile \u00eens\u0103rcinate, persoanele \u00een v\u00e2rst\u0103 sau bolnave, oricine este expus unui \u201erisc real de v\u0103t\u0103mare grav\u0103\u201d prin returnare \u0219i cet\u0103\u021benii \u021b\u0103rilor acuzate de instrumentalizarea migra\u021biei \u2013 cum ar fi Belarus. Tusk a respins criticile din partea grupurilor pentru drepturile omului.<\/p>\n<p>\u201eNimeni nu vorbe\u0219te despre \u00eenc\u0103lcarea drepturilor omului, a dreptului la azil, vorbim despre neacordarea cererilor persoanelor care trec ilegal frontiera \u00een grupuri organizate de Luka\u0219enko\u201d, a declarat el \u00een octombrie. \u00cencep\u00e2nd din 2021, Polonia, Lituania, Letonia \u0219i Finlanda au \u00eenregistrat o cre\u0219tere uria\u0219\u0103 a num\u0103rului de persoane care trec ilegal \u00een \u021b\u0103rile lor din Belarus \u0219i Rusia. Autorit\u0103\u021bile poloneze au trimis mii de solda\u021bi \u0219i poli\u021bi\u0219ti de frontier\u0103 pentru a supraveghea grani\u021ba cu Belarus \u0219i au construit un gard de o\u021bel \u00eenalt de 5,5 metri de-a lungul a 186 km de frontier\u0103, unde, uneori, c\u00e2teva mii de migran\u021bi au r\u0103mas bloca\u021bi. Grupurile pentru ap\u0103rarea drepturilor omului estimeaz\u0103 c\u0103, din 2021, peste o sut\u0103 de persoane au murit la frontiera dintre Belarus \u0219i Polonia, Lituania \u0219i Letonia.<\/p>\n<p>\u021a\u0103rile de pe flancul estic al UE \u0219i Comisia European\u0103 au acuzat autorit\u0103\u021bile belaruse \u0219i ruse c\u0103 folosesc ca arm\u0103 migra\u021bia pentru a crea o nou\u0103 rut\u0103 de intrare \u00een UE \u00een vederea destabiliz\u0103rii blocului.<\/p>\n<\/div>\n","protected":false},"excerpt":{"rendered":"<div><img loading=\"lazy\" decoding=\"async\" width=\"696\" height=\"393\" src=\"https:\/\/canal5.md\/wp-content\/uploads\/2025\/03\/ptq0mczoyxnoptu2owm3nmqyzdi1ngfinje1mzvlogqwywywmgqxztdj.thumb_-optimized.jpg\" class=\"attachment-large size-large wp-post-image\" alt=\"\" srcset=\"https:\/\/canal5.md\/wp-content\/uploads\/2025\/03\/ptq0mczoyxnoptu2owm3nmqyzdi1ngfinje1mzvlogqwywywmgqxztdj.thumb_-optimized.jpg 780w, https:\/\/canal5.md\/wp-content\/uploads\/2025\/03\/ptq0mczoyxnoptu2owm3nmqyzdi1ngfinje1mzvlogqwywywmgqxztdj.thumb_-300x169-optimized.jpg 300w, https:\/\/canal5.md\/wp-content\/uploads\/2025\/03\/ptq0mczoyxnoptu2owm3nmqyzdi1ngfinje1mzvlogqwywywmgqxztdj.thumb_-768x433-optimized.jpg 768w, https:\/\/canal5.md\/wp-content\/uploads\/2025\/03\/ptq0mczoyxnoptu2owm3nmqyzdi1ngfinje1mzvlogqwywywmgqxztdj.thumb_-696x393-optimized.jpg 696w\">Premierul polonez Donald Tusk a declarat c\u0103 guvernul s\u0103u va suspenda temporar dreptul de a solicta azil\u00a0 al migran\u021bilor care ajung \u00een Polonia prin grani\u021ba cu Belarus, transmite BBC. Tusk a f\u0103cut acest anun\u021b dup\u0103 ce controversatul proiect de lege, care va permite autorit\u0103\u021bilor poloneze s\u0103 suspende acest drept pentru o perioad\u0103 de p\u00e2n\u0103 la [\u2026]<\/div>\n","protected":false},"author":1,"featured_media":69806,"comment_status":"closed","ping_status":"closed","sticky":false,"template":"","format":"standard","meta":{"jnews-multi-image_gallery":[],"jnews_single_post":[],"jnews_primary_category":[],"jnews_social_meta":[],"jnews_override_counter":[],"footnotes":""},"categories":[29],"tags":[],"class_list":["post-69805","post","type-post","status-publish","format-standard","has-post-thumbnail","hentry","category-externe_ro"],"_links":{"self":[{"href":"https:\/\/orheifm.live\/index.php\/wp-json\/wp\/v2\/posts\/69805","targetHints":{"allow":["GET"]}}],"collection":[{"href":"https:\/\/orheifm.live\/index.php\/wp-json\/wp\/v2\/posts"}],"about":[{"href":"https:\/\/orheifm.live\/index.php\/wp-json\/wp\/v2\/types\/post"}],"author":[{"embeddable":true,"href":"https:\/\/orheifm.live\/index.php\/wp-json\/wp\/v2\/users\/1"}],"replies":[{"embeddable":true,"href":"https:\/\/orheifm.live\/index.php\/wp-json\/wp\/v2\/comments?post=69805"}],"version-history":[{"count":0,"href":"https:\/\/orheifm.live\/index.php\/wp-json\/wp\/v2\/posts\/69805\/revisions"}],"wp:featuredmedia":[{"embeddable":true,"href":"https:\/\/orheifm.live\/index.php\/wp-json\/wp\/v2\/media\/69806"}],"wp:attachment":[{"href":"https:\/\/orheifm.live\/index.php\/wp-json\/wp\/v2\/media?parent=69805"}],"wp:term":[{"taxonomy":"category","embeddable":true,"href":"https:\/\/orheifm.live\/index.php\/wp-json\/wp\/v2\/categories?post=69805"},{"taxonomy":"post_tag","embeddable":true,"href":"https:\/\/orheifm.live\/index.php\/wp-json\/wp\/v2\/tags?post=69805"}],"curies":[{"name":"wp","href":"https:\/\/api.w.org\/{rel}","templated":true}]}}