{"id":69780,"date":"2025-03-26T18:09:44","date_gmt":"2025-03-26T16:09:44","guid":{"rendered":"https:\/\/orheifm.live\/index.php\/2025\/03\/26\/traficul-rutier-pe-strada-alexandr-puskin-va-fi-suspendat-partial-joi-din-ce-motiv\/"},"modified":"2025-03-26T18:09:44","modified_gmt":"2025-03-26T16:09:44","slug":"traficul-rutier-pe-strada-alexandr-puskin-va-fi-suspendat-partial-joi-din-ce-motiv","status":"publish","type":"post","link":"https:\/\/orheifm.live\/index.php\/2025\/03\/26\/traficul-rutier-pe-strada-alexandr-puskin-va-fi-suspendat-partial-joi-din-ce-motiv\/","title":{"rendered":"Traficul rutier pe strada Alexandr Pu\u0219kin va fi suspendat par\u021bial joi. Din ce motiv"},"content":{"rendered":"<div>\n<p><strong>\u00cen aten\u021bia locuitorilor Capitalei! Prim\u0103ria Municipiului Chi\u0219in\u0103u informeaz\u0103 c\u0103 joi, 27 martie, \u00een intervalul 11:00-14:00, va fi suspendat par\u021bial traficul rutier pe strada Alexandr Pu\u0219kin, tronsonul cuprins \u00eentre str\u0103zile Bucure\u0219ti \u0219i 31 August 1989 scrie <a href=\"https:\/\/realitatea.md\/traficul-rutier-pe-strada-alexandr-puskin-va-fi-suspendat-partial-joi-din-ce-motiv\/\">Realitate .md<\/a><\/strong><\/p>\n<p>Potrivit municipalit\u0103\u021bii, m\u0103sura a fost luat\u0103 \u00een leg\u0103tur\u0103 cu necesitatea inaugur\u0103rii Monumentului Reginei Maria, \u00een scuarul IPLT \u201eGheorghe Asachi\u201d.<\/p>\n<div class=\"margin-auto\">\n<div id=\"admixer-hb-216-637568592982450705\"><\/div>\n<\/div>\n<p>A\u0219adar, troleibuzele care traverseaz\u0103 segmentul de drum men\u021bionat vor fi redirec\u021bionate pe banda a doua de circula\u021bie, pe toat\u0103 durata desf\u0103\u0219ur\u0103rii evenimentului.<\/p>\n<p>Conduc\u0103torii auto sunt \u00eendemna\u0163i s\u0103 se conformeze cerin\u021belor agen\u021bilor de circula\u021bie, s\u0103 manifeste r\u0103bdare \u0219i disciplin\u0103 \u00een trafic, f\u0103r\u0103 abateri de la Regulamentul circula\u021biei rutiere.<\/p>\n<\/div>\n","protected":false},"excerpt":{"rendered":"<div><img loading=\"lazy\" decoding=\"async\" width=\"696\" height=\"391\" src=\"https:\/\/canal5.md\/wp-content\/uploads\/2025\/03\/suspendarea-traficului-900x505-1-optimized.png\" class=\"attachment-large size-large wp-post-image\" alt=\"\" srcset=\"https:\/\/canal5.md\/wp-content\/uploads\/2025\/03\/suspendarea-traficului-900x505-1-optimized.png 900w, https:\/\/canal5.md\/wp-content\/uploads\/2025\/03\/suspendarea-traficului-900x505-1-300x168-optimized.png 300w, https:\/\/canal5.md\/wp-content\/uploads\/2025\/03\/suspendarea-traficului-900x505-1-768x431-optimized.png 768w, https:\/\/canal5.md\/wp-content\/uploads\/2025\/03\/suspendarea-traficului-900x505-1-696x391-optimized.png 696w\">\u00cen aten\u021bia locuitorilor Capitalei! Prim\u0103ria Municipiului Chi\u0219in\u0103u informeaz\u0103 c\u0103 joi, 27 martie, \u00een intervalul 11:00-14:00, va fi suspendat par\u021bial traficul rutier pe strada Alexandr Pu\u0219kin, tronsonul cuprins \u00eentre str\u0103zile Bucure\u0219ti \u0219i 31 August 1989 scrie Realitate .md Potrivit municipalit\u0103\u021bii, m\u0103sura a fost luat\u0103 \u00een leg\u0103tur\u0103 cu necesitatea inaugur\u0103rii Monumentului Reginei Maria, \u00een scuarul IPLT \u201eGheorghe [\u2026]<\/div>\n","protected":false},"author":1,"featured_media":69781,"comment_status":"closed","ping_status":"closed","sticky":false,"template":"","format":"standard","meta":{"jnews-multi-image_gallery":[],"jnews_single_post":[],"jnews_primary_category":[],"jnews_social_meta":[],"jnews_override_counter":[],"footnotes":""},"categories":[30],"tags":[],"class_list":["post-69780","post","type-post","status-publish","format-standard","has-post-thumbnail","hentry","category-social_ro"],"_links":{"self":[{"href":"https:\/\/orheifm.live\/index.php\/wp-json\/wp\/v2\/posts\/69780","targetHints":{"allow":["GET"]}}],"collection":[{"href":"https:\/\/orheifm.live\/index.php\/wp-json\/wp\/v2\/posts"}],"about":[{"href":"https:\/\/orheifm.live\/index.php\/wp-json\/wp\/v2\/types\/post"}],"author":[{"embeddable":true,"href":"https:\/\/orheifm.live\/index.php\/wp-json\/wp\/v2\/users\/1"}],"replies":[{"embeddable":true,"href":"https:\/\/orheifm.live\/index.php\/wp-json\/wp\/v2\/comments?post=69780"}],"version-history":[{"count":0,"href":"https:\/\/orheifm.live\/index.php\/wp-json\/wp\/v2\/posts\/69780\/revisions"}],"wp:featuredmedia":[{"embeddable":true,"href":"https:\/\/orheifm.live\/index.php\/wp-json\/wp\/v2\/media\/69781"}],"wp:attachment":[{"href":"https:\/\/orheifm.live\/index.php\/wp-json\/wp\/v2\/media?parent=69780"}],"wp:term":[{"taxonomy":"category","embeddable":true,"href":"https:\/\/orheifm.live\/index.php\/wp-json\/wp\/v2\/categories?post=69780"},{"taxonomy":"post_tag","embeddable":true,"href":"https:\/\/orheifm.live\/index.php\/wp-json\/wp\/v2\/tags?post=69780"}],"curies":[{"name":"wp","href":"https:\/\/api.w.org\/{rel}","templated":true}]}}