{"id":69778,"date":"2025-03-26T17:35:21","date_gmt":"2025-03-26T15:35:21","guid":{"rendered":"https:\/\/orheifm.live\/index.php\/2025\/03\/26\/tanar-moldovean-de-24-de-ani-gasit-mort-la-marginea-localitatii-ronciglione\/"},"modified":"2025-03-26T17:35:21","modified_gmt":"2025-03-26T15:35:21","slug":"tanar-moldovean-de-24-de-ani-gasit-mort-la-marginea-localitatii-ronciglione","status":"publish","type":"post","link":"https:\/\/orheifm.live\/index.php\/2025\/03\/26\/tanar-moldovean-de-24-de-ani-gasit-mort-la-marginea-localitatii-ronciglione\/","title":{"rendered":"T\u00e2n\u0103r moldovean de 24 de ani g\u0103sit mort la marginea localit\u0103\u021bii Ronciglione"},"content":{"rendered":"<div>\n<p><strong>Luni, 24 martie, \u00eentr-o zon\u0103 izolat\u0103 la marginea localit\u0103\u021bii Ronciglione, provincia Viterbo, Italia, a fost g\u0103sit trupul unui t\u00e2n\u0103r moldovean de 24 de ani. Poli\u021bia ia \u00een considerare ipoteza unui suicid.<\/strong><\/p>\n<p>Descoperirea tragic\u0103 a fost f\u0103cut\u0103 de c\u00e2\u021biva oameni care se \u00eendreptau spre munc\u0103. Ace\u0219tia au observat corpul f\u0103r\u0103 via\u021b\u0103 pe drumul de \u021bar\u0103 \u0219i au anun\u021bat imediat poli\u021bia.<\/p>\n<p>La fa\u021ba locului au ajuns echipaje de carabinieri \u0219i o brigad\u0103 de urgen\u021b\u0103 medical\u0103. Din p\u0103cate, pentru t\u00e2n\u0103rul moldovean nu s-a mai putut face nimic, iar decesul a fost constatat la fa\u021ba locului. Conform primelor informa\u021bii, anchetatorii iau \u00een considerare varianta unui posibil suicid.<\/p>\n<p>T\u00e2n\u0103rul nu era rezident al comunei Ronciglione \u0219i nu avea un loc de trai permanent. Familia sa, care se afl\u0103 \u0219i ea \u00een Italia, a fost imediat informat\u0103 despre tragedie. Ancheta continu\u0103 pentru a stabili cu exactitate circumstan\u021bele mor\u021bii.<\/p>\n<\/div>\n","protected":false},"excerpt":{"rendered":"<div><img loading=\"lazy\" decoding=\"async\" width=\"696\" height=\"410\" src=\"https:\/\/canal5.md\/wp-content\/uploads\/2025\/03\/snimok-ekrana_26-3-2025_17448_canal5.md_-1024x603-optimized.jpeg\" class=\"attachment-large size-large wp-post-image\" alt=\"\" srcset=\"https:\/\/canal5.md\/wp-content\/uploads\/2025\/03\/snimok-ekrana_26-3-2025_17448_canal5.md_-1024x603-optimized.jpeg 1024w, https:\/\/canal5.md\/wp-content\/uploads\/2025\/03\/snimok-ekrana_26-3-2025_17448_canal5.md_-300x177-optimized.jpeg 300w, https:\/\/canal5.md\/wp-content\/uploads\/2025\/03\/snimok-ekrana_26-3-2025_17448_canal5.md_-768x453-optimized.jpeg 768w, https:\/\/canal5.md\/wp-content\/uploads\/2025\/03\/snimok-ekrana_26-3-2025_17448_canal5.md_-696x410-optimized.jpeg 696w, https:\/\/canal5.md\/wp-content\/uploads\/2025\/03\/snimok-ekrana_26-3-2025_17448_canal5.md_-1068x629-optimized.jpeg 1068w, https:\/\/canal5.md\/wp-content\/uploads\/2025\/03\/snimok-ekrana_26-3-2025_17448_canal5.md_-optimized.jpeg 1254w\">Luni, 24 martie, \u00eentr-o zon\u0103 izolat\u0103 la marginea localit\u0103\u021bii Ronciglione, provincia Viterbo, Italia, a fost g\u0103sit trupul unui t\u00e2n\u0103r moldovean de 24 de ani. Poli\u021bia ia \u00een considerare ipoteza unui suicid. Descoperirea tragic\u0103 a fost f\u0103cut\u0103 de c\u00e2\u021biva oameni care se \u00eendreptau spre munc\u0103. Ace\u0219tia au observat corpul f\u0103r\u0103 via\u021b\u0103 pe drumul de \u021bar\u0103 \u0219i [\u2026]<\/div>\n","protected":false},"author":1,"featured_media":69779,"comment_status":"closed","ping_status":"closed","sticky":false,"template":"","format":"standard","meta":{"jnews-multi-image_gallery":[],"jnews_single_post":[],"jnews_primary_category":[],"jnews_social_meta":[],"jnews_override_counter":[],"footnotes":""},"categories":[30],"tags":[],"class_list":["post-69778","post","type-post","status-publish","format-standard","has-post-thumbnail","hentry","category-social_ro"],"_links":{"self":[{"href":"https:\/\/orheifm.live\/index.php\/wp-json\/wp\/v2\/posts\/69778","targetHints":{"allow":["GET"]}}],"collection":[{"href":"https:\/\/orheifm.live\/index.php\/wp-json\/wp\/v2\/posts"}],"about":[{"href":"https:\/\/orheifm.live\/index.php\/wp-json\/wp\/v2\/types\/post"}],"author":[{"embeddable":true,"href":"https:\/\/orheifm.live\/index.php\/wp-json\/wp\/v2\/users\/1"}],"replies":[{"embeddable":true,"href":"https:\/\/orheifm.live\/index.php\/wp-json\/wp\/v2\/comments?post=69778"}],"version-history":[{"count":0,"href":"https:\/\/orheifm.live\/index.php\/wp-json\/wp\/v2\/posts\/69778\/revisions"}],"wp:featuredmedia":[{"embeddable":true,"href":"https:\/\/orheifm.live\/index.php\/wp-json\/wp\/v2\/media\/69779"}],"wp:attachment":[{"href":"https:\/\/orheifm.live\/index.php\/wp-json\/wp\/v2\/media?parent=69778"}],"wp:term":[{"taxonomy":"category","embeddable":true,"href":"https:\/\/orheifm.live\/index.php\/wp-json\/wp\/v2\/categories?post=69778"},{"taxonomy":"post_tag","embeddable":true,"href":"https:\/\/orheifm.live\/index.php\/wp-json\/wp\/v2\/tags?post=69778"}],"curies":[{"name":"wp","href":"https:\/\/api.w.org\/{rel}","templated":true}]}}