{"id":69776,"date":"2025-03-26T16:50:25","date_gmt":"2025-03-26T14:50:25","guid":{"rendered":"https:\/\/orheifm.live\/index.php\/2025\/03\/26\/fost-condamnat-la-25-de-ani-un-barbat-din-lozova-a-fost-localizat-si-retinut\/"},"modified":"2025-03-26T16:50:25","modified_gmt":"2025-03-26T14:50:25","slug":"fost-condamnat-la-25-de-ani-un-barbat-din-lozova-a-fost-localizat-si-retinut","status":"publish","type":"post","link":"https:\/\/orheifm.live\/index.php\/2025\/03\/26\/fost-condamnat-la-25-de-ani-un-barbat-din-lozova-a-fost-localizat-si-retinut\/","title":{"rendered":"Fost condamnat la 25 de ani, un b\u0103rbat din Lozova a fost localizat \u0219i re\u021binut."},"content":{"rendered":"<div>\n<p><strong>Un b\u0103rbat de 48 de ani din satul Lozova, acuzat de viol \u0219i abuzuri sexuale asupra fiicelor sale minore, a fost re\u021binut dup\u0103 ce a evadat de la executarea pedepsei de 25 de ani, pronun\u021bat\u0103 \u00een ianuarie 2024. <\/strong><\/p>\n<p>Condamnatul a fost localizat \u00een localitatea Horodca din Ialoveni, \u00een urma ac\u021biunilor poli\u021biei din Str\u0103\u0219eni, cu sprijinul ofi\u021berilor de investiga\u021bie ai INI.<\/p>\n<p>Acesta a fost plasat \u00een Penitenciar.<\/p>\n<\/div>\n","protected":false},"excerpt":{"rendered":"<div><img loading=\"lazy\" decoding=\"async\" width=\"696\" height=\"392\" src=\"https:\/\/canal5.md\/wp-content\/uploads\/2025\/03\/6117da6d81dc8def917a02a83958315e44351487dff407840c0bc4bdc6aa5145-1024x576-optimized.jpg\" class=\"attachment-large size-large wp-post-image\" alt=\"\" srcset=\"https:\/\/canal5.md\/wp-content\/uploads\/2025\/03\/6117da6d81dc8def917a02a83958315e44351487dff407840c0bc4bdc6aa5145-1024x576-optimized.jpg 1024w, https:\/\/canal5.md\/wp-content\/uploads\/2025\/03\/6117da6d81dc8def917a02a83958315e44351487dff407840c0bc4bdc6aa5145-300x169-optimized.jpg 300w, https:\/\/canal5.md\/wp-content\/uploads\/2025\/03\/6117da6d81dc8def917a02a83958315e44351487dff407840c0bc4bdc6aa5145-768x432-optimized.jpg 768w, https:\/\/canal5.md\/wp-content\/uploads\/2025\/03\/6117da6d81dc8def917a02a83958315e44351487dff407840c0bc4bdc6aa5145-696x392-optimized.jpg 696w, https:\/\/canal5.md\/wp-content\/uploads\/2025\/03\/6117da6d81dc8def917a02a83958315e44351487dff407840c0bc4bdc6aa5145-1068x601-optimized.jpg 1068w, https:\/\/canal5.md\/wp-content\/uploads\/2025\/03\/6117da6d81dc8def917a02a83958315e44351487dff407840c0bc4bdc6aa5145-optimized.jpg 1200w\">Un b\u0103rbat de 48 de ani din satul Lozova, acuzat de viol \u0219i abuzuri sexuale asupra fiicelor sale minore, a fost re\u021binut dup\u0103 ce a evadat de la executarea pedepsei de 25 de ani, pronun\u021bat\u0103 \u00een ianuarie 2024. Condamnatul a fost localizat \u00een localitatea Horodca din Ialoveni, \u00een urma ac\u021biunilor poli\u021biei din Str\u0103\u0219eni, cu sprijinul [\u2026]<\/div>\n","protected":false},"author":1,"featured_media":69777,"comment_status":"closed","ping_status":"closed","sticky":false,"template":"","format":"standard","meta":{"jnews-multi-image_gallery":[],"jnews_single_post":[],"jnews_primary_category":[],"jnews_social_meta":[],"jnews_override_counter":[],"footnotes":""},"categories":[30],"tags":[],"class_list":["post-69776","post","type-post","status-publish","format-standard","has-post-thumbnail","hentry","category-social_ro"],"_links":{"self":[{"href":"https:\/\/orheifm.live\/index.php\/wp-json\/wp\/v2\/posts\/69776","targetHints":{"allow":["GET"]}}],"collection":[{"href":"https:\/\/orheifm.live\/index.php\/wp-json\/wp\/v2\/posts"}],"about":[{"href":"https:\/\/orheifm.live\/index.php\/wp-json\/wp\/v2\/types\/post"}],"author":[{"embeddable":true,"href":"https:\/\/orheifm.live\/index.php\/wp-json\/wp\/v2\/users\/1"}],"replies":[{"embeddable":true,"href":"https:\/\/orheifm.live\/index.php\/wp-json\/wp\/v2\/comments?post=69776"}],"version-history":[{"count":0,"href":"https:\/\/orheifm.live\/index.php\/wp-json\/wp\/v2\/posts\/69776\/revisions"}],"wp:featuredmedia":[{"embeddable":true,"href":"https:\/\/orheifm.live\/index.php\/wp-json\/wp\/v2\/media\/69777"}],"wp:attachment":[{"href":"https:\/\/orheifm.live\/index.php\/wp-json\/wp\/v2\/media?parent=69776"}],"wp:term":[{"taxonomy":"category","embeddable":true,"href":"https:\/\/orheifm.live\/index.php\/wp-json\/wp\/v2\/categories?post=69776"},{"taxonomy":"post_tag","embeddable":true,"href":"https:\/\/orheifm.live\/index.php\/wp-json\/wp\/v2\/tags?post=69776"}],"curies":[{"name":"wp","href":"https:\/\/api.w.org\/{rel}","templated":true}]}}