{"id":69774,"date":"2025-03-26T15:33:53","date_gmt":"2025-03-26T13:33:53","guid":{"rendered":"https:\/\/orheifm.live\/index.php\/2025\/03\/26\/mainile-jos-de-pe-bascan-locuitorii-gagauziei-cer-eliberarea-evghenia-gutul\/"},"modified":"2025-03-26T15:33:53","modified_gmt":"2025-03-26T13:33:53","slug":"mainile-jos-de-pe-bascan-locuitorii-gagauziei-cer-eliberarea-evghenia-gutul","status":"publish","type":"post","link":"https:\/\/orheifm.live\/index.php\/2025\/03\/26\/mainile-jos-de-pe-bascan-locuitorii-gagauziei-cer-eliberarea-evghenia-gutul\/","title":{"rendered":"\u201dM\u00e2inile jos de pe ba\u0219can!\u201d Locuitorii G\u0103g\u0103uziei cer eliberarea Evghenia Gu\u021bul"},"content":{"rendered":"<div>\n<p><strong>Un protest de amploare are loc \u00een fa\u021ba Comitetului Executiv din Comrat, unde locuitori din toat\u0103 G\u0103g\u0103uzia au venit s\u0103 arate c\u0103 sunt al\u0103turi de ba\u0219canul Evghenia Gu\u021bul, re\u021binut\u0103 mar\u021bi seara de ofi\u021berii CNA pe Aeroportul Interna\u021bional Chi\u0219in\u0103u. Manifestan\u021bii, cu pancarte pe care scrie \u201dChi\u0219in\u0103u, \u00eenceteaz\u0103 presiunile asupra G\u0103g\u0103uziei!\u201d \u0219i \u201dM\u00e2inile jos de pe ba\u0219can!\u201d, au cerut libertatea guvernatorului \u0219i au scandat lozinci de sus\u021binere.<\/strong><br \/>\n<iframe loading=\"lazy\" title=\"YouTube video player\" src=\"https:\/\/www.youtube.com\/embed\/qT5C36h6QB4?si=0gniIKgb-YLXu64b\" width=\"560\" height=\"315\" frameborder=\"0\" allowfullscreen=\"allowfullscreen\"><\/iframe><\/p>\n<p>Libertate ba\u0219canului! Libertate ba\u0219canului!<\/p>\n<p>Ordinul de arestare a ba\u0219canului G\u0103g\u0103uziei a fost semnat personal de Maia Sandu, a declarat consilierul guvernatorului, Mihail Vlah. Potrivit acestuia, G\u0103g\u0103uzia a votat \u00een propor\u021bie de 95% \u00eempotriva Maiei Sandu la ultimele alegeri, iar acum PAS se teme c\u0103 nu va mai fi ales de popor.<\/p>\n<p>MIHAIL VLAH, activist, consilierul ba\u0219canului G\u0103g\u0103uziei<\/p>\n<p>Dup\u0103 p\u0103rerea mea, a\u0219a pur \u0219i simplu pe ba\u0219canul G\u0103g\u0103uziei nu l- au \u00eenchis. Acest ordin a venit 100% personal de la Maia Sandu \u0219i voi avea curajul s\u0103 spun c\u0103 lor, acum, le arde p\u0103m\u00e2ntul sub picioare.<\/p>\n<p>Deputatul grupului parlamentar \u201eVictorie\u201d, Alexandr Suhodolski, prezent la mitingul din Comrat, a declarat c\u0103 reprimarea \u00eempotriva ba\u0219canului Evghenia Gu\u021bul este o ac\u021biune \u00eempotriva \u00eentregii G\u0103g\u0103uzii. El a \u00eendemnat for\u021bele politice din regiune s\u0103 se uneasc\u0103 \u00een sus\u021binerea guvernatoarei, ad\u0103ug\u00e2nd c\u0103 re\u021binerea acesteia \u00een pragul alegerilor parlamentare din toamn\u0103 nu este altceva dec\u00e2t un show politic, a\u0219a cum dosarul pornit \u00eempotriva ei e lipsit de probe.<\/p>\n<p>ALEXANDR SUHODOLSKI, deputatul grupului parlamentar \u201dVictorie\u201d<\/p>\n<p>\u00cen cei 30 de ani de existen\u021b\u0103 a autonomiei G\u0103g\u0103uziei, nu a existat niciun caz \u00een care liderul G\u0103g\u0103uziei s\u0103 fi fost arestat pe motive fabricate. Este evident c\u0103 nu se desf\u0103\u0219oar\u0103 o investiga\u021bie penal\u0103, ci o presiune politic\u0103. Puterea central\u0103, condus\u0103 de Maia Sandu \u0219i partidul PAS, exercit\u0103 o presiune politic\u0103 semnificativ\u0103 asupra Evgheniei Gu\u021bul, cel mai important politician de opozi\u021bie din Moldova, pentru a-i intimida pe ceilal\u021bi. Av\u00e2nd \u00een vedere apropierea alegerilor parlamentare, autorit\u0103\u021bile \u00eencearc\u0103 s\u0103-\u0219i creeze condi\u021bii favorabile, con\u0219tientiz\u00e2nd c\u0103 nu au sus\u021binere real\u0103 din partea popula\u021biei. Sus\u021binerea adev\u0103rat\u0103 se afl\u0103 aici, \u00een fruntea G\u0103g\u0103uziei, \u00een r\u00e2ndul politicienilor din opozi\u021bie care doresc dezvoltarea \u021b\u0103rii noastre.<\/p>\n<p>M\u0103 adresez tuturor for\u021belor politice \u0219i, \u00een primul r\u00e2nd, celor din autonomia G\u0103g\u0103uz\u0103: este esen\u021bial s\u0103 ne unim \u00een jurul Evgheniei Alexandrovna \u0219i al conducerii G\u0103g\u0103uziei, care reprezint\u0103 garan\u021bia statutului juridic al autonomiei.<\/p>\n<p>\u00cen sus\u021binerea ba\u0219canului G\u0103g\u0103uziei a venit \u0219i consilierul municipal din Comrat, Ivan Panea.<\/p>\n<p>IVAN PANEA, consilier municipal Comrat<\/p>\n<p>Deputa\u021bii grupului parlamentar al Blocului \u201eVictorie\u201d s-au \u00eent\u00e2lnit cu guvernatoarea G\u0103g\u0103uziei. Se simte bine \u0219i are stare de spirit de lupt\u0103. Se afl\u0103 \u00eentr-o stare de spirit lupt\u0103toare, iar starea ei de s\u0103n\u0103tate este bun\u0103, at\u00e2t din punct de vedere fizic, c\u00e2t \u0219i moral. Ea continu\u0103 cu fermitate aceast\u0103 lupt\u0103. Re\u021binerea ba\u0219canului pentru 72 de ore nu este doar o arestare a unei persoane, ci o lovitur\u0103 pentru \u00eentreaga na\u021biune.<\/p>\n<p>De-a lungul \u00eentregii sale istorii, G\u0103g\u0103uzia a sus\u021binut mereu liderul, tinerii, b\u0103tr\u00e2nii, copiii, to\u021bi fiind al\u0103turi de conduc\u0103torul poporului. Ru\u0219ine acelei puteri care re\u021bine ilegal liderii opozi\u021biei! Stima\u021bi g\u0103g\u0103uzi, c\u00e2t ve\u021bi mai tolera? Ajunge cu r\u0103bdarea noastr\u0103! Trebuie s\u0103 spunem clar NU acestui regim PAS!<\/p>\n<p>Locuitorii din G\u0103g\u0103uzia au ie\u0219it \u00een sprijinul guvernatoarei lor, profund indigna\u021bi de re\u021binerea acesteia. Oamenii consider\u0103 ceea ce se \u00eent\u00e2mpl\u0103 o ilegalitate \u0219i cer eliberarea imediat\u0103 a liderului autonomiei.<\/p>\n<p>Am venit s\u0103 o ap\u0103r\u0103m, s\u0103 o sus\u021binem pentru a o elibera, deoarece tot ce se petrece este o f\u0103r\u0103delege. -Considera\u021bi legal\u0103 re\u021binerea ba\u0219canului?<\/p>\n<p>-Nu, desigur, noi vom lupta pentru a o elibera.<\/p>\n<p>Poporul va r\u0103m\u00e2ne p\u00e2n\u0103 la sf\u00e2r\u0219it al\u0103turi de ba\u0219canul s\u0103u, p\u00e2n\u0103 c\u00e2nd va fi eliberat\u0103. Guvernarea PAS s\u0103 nu cread\u0103 c\u0103 ne vom opri aici. Vom lupta pentru dreptate! Evgenia este corect\u0103, ea a luptat pentru poporul ei! Iar ceea ce se \u00eent\u00e2mpl\u0103 acum este o f\u0103r\u0103delege! Maia Sandu tot este femeie \u0219i ar trebui s\u0103 \u00een\u021beleag\u0103 c\u0103 Evghenia are copii mici acas\u0103 \u0219i \u00ee\u0219i face griji pentru ace\u0219ti copii.<\/p>\n<p>Ea este alegerea noastr\u0103! Noi am ales-o \u0219i este demn\u0103 de asta, iar noi o vom sus\u021bine. La orice or\u0103, \u00een orice zi, vom veni s\u0103 o ap\u0103r\u0103m. Suntem cu to\u021bii pentru adev\u0103r! Vrem s\u0103 tr\u0103im \u00een pace \u0219i prietenie, a\u0219a cum am f\u0103cut-o p\u00e2n\u0103 acum. Acesta este ordinul exclusiv al Maiei Sandu, deja \u0219i copiii mici \u0219tiu despre acest lucru.<\/p>\n<p>\u0218i Organiza\u021bia public\u0103 \u201eUniunea G\u0103g\u0103uzilor\u201d a lansat un apel la unitate \u0219i sprijin pentru ba\u0219canul Evghenia Gu\u021bul, subliniind c\u0103 re\u021binerea ei nu reprezint\u0103 doar o lovitur\u0103 dat\u0103 guvernatorului, ci \u0219i lumii g\u0103g\u0103uze, tradi\u021biilor, obiceiurilor \u0219i succeselor ob\u021binute recent de autonomie.<\/p>\n<p>Ceea ce se \u00eent\u00e2mpl\u0103 este \u201dO demontra\u021bie a neputin\u021bei \u0219i anarhiei guvernului Maiei Sandu\u201d, sus\u021bine organiza\u021bia.<\/p>\n<\/div>\n","protected":false},"excerpt":{"rendered":"<div><img loading=\"lazy\" decoding=\"async\" width=\"696\" height=\"392\" src=\"https:\/\/canal5.md\/wp-content\/uploads\/2025\/03\/3ro_gagauziya-protesty-1024x576-optimized.jpg\" class=\"attachment-large size-large wp-post-image\" alt=\"\" srcset=\"https:\/\/canal5.md\/wp-content\/uploads\/2025\/03\/3ro_gagauziya-protesty-1024x576-optimized.jpg 1024w, https:\/\/canal5.md\/wp-content\/uploads\/2025\/03\/3ro_gagauziya-protesty-300x169-optimized.jpg 300w, https:\/\/canal5.md\/wp-content\/uploads\/2025\/03\/3ro_gagauziya-protesty-768x432-optimized.jpg 768w, https:\/\/canal5.md\/wp-content\/uploads\/2025\/03\/3ro_gagauziya-protesty-1536x864-optimized.jpg 1536w, https:\/\/canal5.md\/wp-content\/uploads\/2025\/03\/3ro_gagauziya-protesty-696x392-optimized.jpg 696w, https:\/\/canal5.md\/wp-content\/uploads\/2025\/03\/3ro_gagauziya-protesty-1068x601-optimized.jpg 1068w, https:\/\/canal5.md\/wp-content\/uploads\/2025\/03\/3ro_gagauziya-protesty-optimized.jpg 1920w\">Un protest de amploare are loc \u00een fa\u021ba Comitetului Executiv din Comrat, unde locuitori din toat\u0103 G\u0103g\u0103uzia au venit s\u0103 arate c\u0103 sunt al\u0103turi de ba\u0219canul Evghenia Gu\u021bul, re\u021binut\u0103 mar\u021bi seara de ofi\u021berii CNA pe Aeroportul Interna\u021bional Chi\u0219in\u0103u. Manifestan\u021bii, cu pancarte pe care scrie \u201dChi\u0219in\u0103u, \u00eenceteaz\u0103 presiunile asupra G\u0103g\u0103uziei!\u201d \u0219i \u201dM\u00e2inile jos de pe ba\u0219can!\u201d, [\u2026]<\/div>\n","protected":false},"author":1,"featured_media":69775,"comment_status":"closed","ping_status":"closed","sticky":false,"template":"","format":"standard","meta":{"jnews-multi-image_gallery":[],"jnews_single_post":[],"jnews_primary_category":[],"jnews_social_meta":[],"jnews_override_counter":[],"footnotes":""},"categories":[23],"tags":[],"class_list":["post-69774","post","type-post","status-publish","format-standard","has-post-thumbnail","hentry","category-politica_ro"],"_links":{"self":[{"href":"https:\/\/orheifm.live\/index.php\/wp-json\/wp\/v2\/posts\/69774","targetHints":{"allow":["GET"]}}],"collection":[{"href":"https:\/\/orheifm.live\/index.php\/wp-json\/wp\/v2\/posts"}],"about":[{"href":"https:\/\/orheifm.live\/index.php\/wp-json\/wp\/v2\/types\/post"}],"author":[{"embeddable":true,"href":"https:\/\/orheifm.live\/index.php\/wp-json\/wp\/v2\/users\/1"}],"replies":[{"embeddable":true,"href":"https:\/\/orheifm.live\/index.php\/wp-json\/wp\/v2\/comments?post=69774"}],"version-history":[{"count":0,"href":"https:\/\/orheifm.live\/index.php\/wp-json\/wp\/v2\/posts\/69774\/revisions"}],"wp:featuredmedia":[{"embeddable":true,"href":"https:\/\/orheifm.live\/index.php\/wp-json\/wp\/v2\/media\/69775"}],"wp:attachment":[{"href":"https:\/\/orheifm.live\/index.php\/wp-json\/wp\/v2\/media?parent=69774"}],"wp:term":[{"taxonomy":"category","embeddable":true,"href":"https:\/\/orheifm.live\/index.php\/wp-json\/wp\/v2\/categories?post=69774"},{"taxonomy":"post_tag","embeddable":true,"href":"https:\/\/orheifm.live\/index.php\/wp-json\/wp\/v2\/tags?post=69774"}],"curies":[{"name":"wp","href":"https:\/\/api.w.org\/{rel}","templated":true}]}}