{"id":69772,"date":"2025-03-26T15:30:51","date_gmt":"2025-03-26T13:30:51","guid":{"rendered":"https:\/\/orheifm.live\/index.php\/2025\/03\/26\/victoria-furtuna-partidul-moldova-mare-va-continua-parcursul-european-doar-cu-relatii-restabilite-cu-rusia\/"},"modified":"2025-03-26T15:30:51","modified_gmt":"2025-03-26T13:30:51","slug":"victoria-furtuna-partidul-moldova-mare-va-continua-parcursul-european-doar-cu-relatii-restabilite-cu-rusia","status":"publish","type":"post","link":"https:\/\/orheifm.live\/index.php\/2025\/03\/26\/victoria-furtuna-partidul-moldova-mare-va-continua-parcursul-european-doar-cu-relatii-restabilite-cu-rusia\/","title":{"rendered":"Victoria Furtun\u0103: Partidul \u201eMoldova Mare\u201d va continua parcursul european doar cu rela\u021bii restabilite cu Rusia"},"content":{"rendered":"<div>\n<p><strong>\u201eNu propun minuni, ci actiuni clare!\u201d a declarat Victoria Furtun\u0103, la lansarea oficial\u0103 a Partidului \u201eMoldova Mare\u201d, al c\u0103rui pre\u0219edinte va fi de acum \u00een continuare, men\u021bion\u00e2nd c\u0103 forma\u021biunea politic\u0103 nou creat\u0103 \u00ee\u0219i declar\u0103 angajamentul fa\u021b\u0103 de valorile democratice \u0219i prosperitatea na\u021bional\u0103. Totodat\u0103, partidul opteaz\u0103 pentru restabilirea rela\u021biilor cu Federa\u021bia Rus\u0103, sus\u021binerea produc\u0103torilor autohtoni \u0219i crearea locurilor de munc\u0103 pentru cet\u0103\u021beni.<\/strong><br \/>\n<strong>Totodat\u0103, partidul opteaz\u0103 pentru continuarea parcursului european al \u021b\u0103rii, \u00eens\u0103 doar \u00een cazul restabilirii rela\u021biilor cu Federa\u021bia Rus\u0103.<\/strong><\/p>\n<p><iframe loading=\"lazy\" title=\"YouTube video player\" src=\"https:\/\/www.youtube.com\/embed\/gp-YC3rekAo?si=FiIQHeHT6AaHqRkr\" width=\"560\" height=\"315\" frameborder=\"0\" allowfullscreen=\"allowfullscreen\"><\/iframe><br \/>\nVICTORIA FURTUN\u0102, fost procuror anticorup\u021bie \u0219i candidat la Pre\u0219edin\u021bie<\/p>\n<p>Noi vom crea un Centru na\u021bional de achizi\u021bie \u0219i prelucrare a produselor agricole, s\u0103 le d\u0103m oportunitate agricultorilor no\u0219tri s\u0103 nu-\u0219i arunce produsele \u00een strad\u0103. Statul va cump\u0103ra recolta direct de la fermieri, la pre\u021buri corecte \u0219i f\u0103r\u0103 intermediari.\u00a0 Vom lansa un plan economic na\u021bional care va aduce industrie, produc\u021bie local\u0103 \u0219i valoare ad\u0103ugat\u0103 aici, la noi, \u00een sate \u0219i ora\u0219e.<\/p>\n<p>Obiective concrete are noua forma\u021biune politic\u0103 \u0219i \u00een privin\u021ba cre\u0103rii condi\u021biilor favorabile pentru revenirea concet\u0103\u021benilor no\u0219tri la ba\u0219tin\u0103.<\/p>\n<p>VICTORIA FURTUN\u0102, fost procuror anticorup\u021bie \u0219i candidat la Pre\u0219edin\u021bie<br \/>\nVom oferi facilit\u0103\u021bi fiscale celor care revin de peste hotare \u0219i deschid afaceri acas\u0103 \u0219i da, probabil v\u0103 \u00eentreba\u021bi de unde vom lua banii, prin reducerea aparatului birocratic, optimizarea institu\u021biilor, nu vom dubla institu\u021biile statului, ci vom pl\u0103ti din bugetul statului speciali\u0219ti care dubleaz\u0103 activitatea. Cheltuielile militare vor fi redistribuite pentru nevoile reale ale cet\u0103\u021benilor RM.<\/p>\n<p>VICTORIA FURTUN\u0102, fost procuror anticorup\u021bie \u0219i candidat la Pre\u0219edin\u021bie<br \/>\nConform statutului partidului politic Moldova Mare, noi vom continua procesul de integrare \u00een Uniunea European\u0103, dar pe prim plan vom pune interesul poporului \u0219i al societ\u0103\u021bii. Noi nu vom permite ca identitatea noastr\u0103 na\u021bional\u0103 s\u0103 fie distrus\u0103 prin a\u0219a-numitele ajutoare.<\/p>\n<p>Da, noi sus\u021binem procesul de integrare \u00een Uniunea European\u0103, dar cu restabilirea rela\u021biilor economice cu Federa\u021bia Rus\u0103. \u0218i v\u0103 explic din ce motiv. Conform planului nostru de industrializare, pe teritoriul Republicii Moldova urmeaz\u0103 s\u0103 fie construite 1508 fabrici \u0219i uzine, iar pentru ca acestea s\u0103 fie competitive pe plan na\u021bional interna\u021bional, noi avem nevoie de resurse energetice ieftine. P\u00e2n\u0103 \u00een prezent, cea mai ieftin\u0103 resurs\u0103 energetic\u0103 \u0219i gaz \u00eel putem achizi\u021biona de la Federa\u021bia Rus\u0103.<\/p>\n<p>\u00cen ce prive\u0219te finan\u021barea, Furtun\u0103 a declarat c\u0103 partidul va primi fonduri doar din surse transparente, inclusiv de la contribuabili, iar banii care vor ajunge \u00een contul partidului vor fi declara\u021bi oficial. Mai mult, Furtun\u0103 spune c\u0103 to\u021bi membrii partidului, inclusiv cei care vor adera, vor fi obliga\u021bi s\u0103 semneze o declara\u021bie prin care \u00ee\u0219i vor asuma c\u0103 nu vor accepta finan\u021b\u0103ri din surse dubioase.<\/p>\n<p>\u00centrebat\u0103 de Canal 5 c\u00e2t de sigur\u0103 este c\u0103 noua forma\u021biune va fi \u00eenregistrat\u0103 pentru participare la parlamentarele din acest an, lu\u00e2nd \u00een considerare mai multe critici pe care le-a adus la adresa puterii, dar \u0219i faptul c\u0103 opteaz\u0103 ferm pentru rela\u021bii bune \u00eentre Republica Moldova \u0219i Federa\u021bia Rus\u0103, iar guvernarea actual\u0103 promoveaz\u0103 o cu totul alt\u0103 agend\u0103 \u0219i persecut\u0103 partidele de opozi\u021bie, Furtun\u0103 a r\u0103spuns c\u0103 Republica Moldova nu mai are luxul s\u0103 fie pe extrema dreapt\u0103 sau extrema st\u00e2ng\u0103.<\/p>\n<p>VICTORIA FURTUN\u0102, fost procuror anticorup\u021bie \u0219i candidat la Pre\u0219edin\u021bie<\/p>\n<p>Noi to\u021bi, cei prezen\u021bi aici, pl\u0103tim acelea\u0219i facturi, trecem prin acelea\u0219i probleme din cauza extremelor. \u0218i sunt sigur\u0103 c\u0103 din punct de vedere geopolitic, lu\u00e2nd \u00een considera\u021bie c\u0103 s-au \u00eenceput negocieile dintre liderii marilor puteri pentru a restabili pacea \u00een lume, eu sunt mai mult ca sigur\u0103 c\u0103 partidul nostru deja a c\u00e2\u0219tigat \u2013 nu c\u0103 va fi sau nu va fi \u00eenregistrat.<\/p>\n<p>Vreau s\u0103-mi asum azi \u00een fa\u021ba tuturor c\u0103 noi cei din partidul politic \u201eMoldova Mare\u201d nu vom \u00eenc\u0103lca legisla\u021bia, iar atunci c\u00e2nd va abuza de puterea de\u021binut\u0103 va r\u0103spunde nu \u00een fa\u021ba mea, dar \u00een fa\u021ba poporului \u0219i a unei instan\u021be libere \u0219i independente.<\/p>\n<p>Liderul partidului \u201eMoldova Mare\u201d a mai precizat pentru jurnali\u0219ti c\u0103 echipa partidului este format\u0103 din persoane profesioniste cu expertize profesionale \u00een spate \u2013 \u00een economie, \u00een medicin\u0103, \u00een \u00eenv\u0103\u021b\u0103m\u00e2nt \u0219i care \u00ee\u0219i doresc cu adev\u0103rat s\u0103 schimbe situa\u021bia din Republica Moldova, iar \u00eentreaga echip\u0103 \u0219i vicepre\u0219edintele partidului vor fi prezenta\u021bi la pe 31 mai, \u00een cadrul unui eveniment de lansare.<br \/>\nVictoria Furtun\u0103 \u0219i-a \u00eenceput cariera de procuror \u00een 2008, la Procuratura sectorului Botanica din Chi\u0219in\u0103u, iar \u00een 2016 a fost numit\u0103 procuror \u00een cadrul Procuraturii Anticorup\u021bie. Dup\u0103 16 ani de activitate \u00een procuratur\u0103, \u00een martie 2024, Victoria Furtun\u0103 a demisionat, acuz\u00e2nd institu\u021biile de drept c\u0103 ar fi fabricat informa\u021bii false \u00eempotriva judec\u0103torilor neloiali guvern\u0103rii.<\/p>\n<\/div>\n","protected":false},"excerpt":{"rendered":"<div><img loading=\"lazy\" decoding=\"async\" width=\"696\" height=\"391\" src=\"https:\/\/canal5.md\/wp-content\/uploads\/2024\/10\/victoria-furtuna-900x505-2-optimized.png\" class=\"attachment-large size-large wp-post-image\" alt=\"\" srcset=\"https:\/\/canal5.md\/wp-content\/uploads\/2024\/10\/victoria-furtuna-900x505-2-optimized.png 900w, https:\/\/canal5.md\/wp-content\/uploads\/2024\/10\/victoria-furtuna-900x505-2-300x168-optimized.png 300w, https:\/\/canal5.md\/wp-content\/uploads\/2024\/10\/victoria-furtuna-900x505-2-768x431-optimized.png 768w, https:\/\/canal5.md\/wp-content\/uploads\/2024\/10\/victoria-furtuna-900x505-2-696x391-optimized.png 696w\">\u201eNu propun minuni, ci actiuni clare!\u201d a declarat Victoria Furtun\u0103, la lansarea oficial\u0103 a Partidului \u201eMoldova Mare\u201d, al c\u0103rui pre\u0219edinte va fi de acum \u00een continuare, men\u021bion\u00e2nd c\u0103 forma\u021biunea politic\u0103 nou creat\u0103 \u00ee\u0219i declar\u0103 angajamentul fa\u021b\u0103 de valorile democratice \u0219i prosperitatea na\u021bional\u0103. Totodat\u0103, partidul opteaz\u0103 pentru restabilirea rela\u021biilor cu Federa\u021bia Rus\u0103, sus\u021binerea produc\u0103torilor autohtoni \u0219i [\u2026]<\/div>\n","protected":false},"author":1,"featured_media":69773,"comment_status":"closed","ping_status":"closed","sticky":false,"template":"","format":"standard","meta":{"jnews-multi-image_gallery":[],"jnews_single_post":[],"jnews_primary_category":[],"jnews_social_meta":[],"jnews_override_counter":[],"footnotes":""},"categories":[23],"tags":[],"class_list":["post-69772","post","type-post","status-publish","format-standard","has-post-thumbnail","hentry","category-politica_ro"],"_links":{"self":[{"href":"https:\/\/orheifm.live\/index.php\/wp-json\/wp\/v2\/posts\/69772","targetHints":{"allow":["GET"]}}],"collection":[{"href":"https:\/\/orheifm.live\/index.php\/wp-json\/wp\/v2\/posts"}],"about":[{"href":"https:\/\/orheifm.live\/index.php\/wp-json\/wp\/v2\/types\/post"}],"author":[{"embeddable":true,"href":"https:\/\/orheifm.live\/index.php\/wp-json\/wp\/v2\/users\/1"}],"replies":[{"embeddable":true,"href":"https:\/\/orheifm.live\/index.php\/wp-json\/wp\/v2\/comments?post=69772"}],"version-history":[{"count":0,"href":"https:\/\/orheifm.live\/index.php\/wp-json\/wp\/v2\/posts\/69772\/revisions"}],"wp:featuredmedia":[{"embeddable":true,"href":"https:\/\/orheifm.live\/index.php\/wp-json\/wp\/v2\/media\/69773"}],"wp:attachment":[{"href":"https:\/\/orheifm.live\/index.php\/wp-json\/wp\/v2\/media?parent=69772"}],"wp:term":[{"taxonomy":"category","embeddable":true,"href":"https:\/\/orheifm.live\/index.php\/wp-json\/wp\/v2\/categories?post=69772"},{"taxonomy":"post_tag","embeddable":true,"href":"https:\/\/orheifm.live\/index.php\/wp-json\/wp\/v2\/tags?post=69772"}],"curies":[{"name":"wp","href":"https:\/\/api.w.org\/{rel}","templated":true}]}}