{"id":69770,"date":"2025-03-26T15:28:26","date_gmt":"2025-03-26T13:28:26","guid":{"rendered":"https:\/\/orheifm.live\/index.php\/2025\/03\/26\/comitetul-executiv-al-gagauziei-solicita-adunarii-populare-sa-condamne-retinerea-bascanului\/"},"modified":"2025-03-26T15:28:26","modified_gmt":"2025-03-26T13:28:26","slug":"comitetul-executiv-al-gagauziei-solicita-adunarii-populare-sa-condamne-retinerea-bascanului","status":"publish","type":"post","link":"https:\/\/orheifm.live\/index.php\/2025\/03\/26\/comitetul-executiv-al-gagauziei-solicita-adunarii-populare-sa-condamne-retinerea-bascanului\/","title":{"rendered":"Comitetul Executiv al G\u0103g\u0103uziei solicit\u0103 Adun\u0103rii Populare s\u0103 condamne re\u021binerea ba\u0219canului"},"content":{"rendered":"<div>\n<p><strong>Comitetul Executiv al G\u0103g\u0103uziei a lansat un apel c\u0103tre deputa\u021bii din Adunarea Popular\u0103 s\u0103 condamne ferm re\u021binerea ba\u0219canului Evghenia Gu\u021bul. Membrii comitetului sunt convin\u0219i c\u0103 arestarea ba\u0219canului ales legal nu reprezint\u0103 doar o \u00eenc\u0103lcare grav\u0103 a drepturilor locuitorilor G\u0103g\u0103uziei, ci \u0219i un act flagrant de represiune politic\u0103.\u00a0<\/strong><br \/>\n<iframe loading=\"lazy\" title=\"YouTube video player\" src=\"https:\/\/www.youtube.com\/embed\/5j5dUNC6cbg?si=tOusL4PN_rnfmSim\" width=\"560\" height=\"315\" frameborder=\"0\" allowfullscreen=\"allowfullscreen\"><\/iframe><\/p>\n<p>\u201eNe adres\u0103m \u00eentregii componen\u021be a Adun\u0103rii Populare a G\u0103g\u0103uziei cu un apel la unitate \u0219i coeziune. Ast\u0103zi, mai mult ca niciodat\u0103, este important s\u0103 l\u0103s\u0103m deoparte diferen\u021bele politice \u0219i s\u0103 ne exprim\u0103m \u00eentr-un singur front \u00eempotriva ilegalit\u0103\u021bii \u0219i abuzurilor din partea partidului aflat la putere. De asemenea, v\u0103 \u00eendemn\u0103m s\u0103 solicita\u021bi autorit\u0103\u021bilor centrale ale Republicii Moldova s\u0103 respecte alegerea poporului G\u0103g\u0103uziei, exprimat\u0103 prin alegeri democratice, drepturile \u0219i garan\u021biile autonomiei, stipulate \u00een legisla\u021bie\u201d, se men\u021bioneaz\u0103 \u00een adresare.<\/p>\n<p>\u201dNe adres\u0103m \u00eentregii componen\u021be a Adun\u0103rii Populare a G\u0103g\u0103uziei cu un apel la unitate \u0219i coeziune. Ast\u0103zi, mai mult ca niciodat\u0103, este important s\u0103 l\u0103s\u0103m deoparte diferen\u021bele politice \u0219i s\u0103 ne exprim\u0103m \u00eentr-un singur front \u00eempotriva ilegalit\u0103\u021bii \u0219i abuzurilor din partea partidului aflat la putere. De asemenea, v\u0103 \u00eendemn\u0103m s\u0103 solicita\u021bi autorit\u0103\u021bilor centrale ale Republicii Moldova s\u0103 respecte alegerea poporului G\u0103g\u0103uziei, exprimat\u0103 prin alegeri democratice, \u0219i s\u0103 respecte drepturile \u0219i garan\u021biile autonomiei, stipulate \u00een legisla\u021bie.\u201d<\/p>\n<p>Comitetul a \u00eendemnat deputa\u021bii din Adunarea Popular\u0103 s\u0103 solicite partidului aflat la putere s\u0103 opreasc\u0103 represiunea politic\u0103 \u00eempotriva autorit\u0103\u021bilor autonomiei \u0219i s\u0103 cear\u0103 libertate pentru liderul G\u0103g\u0103uziei, Evghenia Gu\u021bul.<\/p>\n<\/div>\n","protected":false},"excerpt":{"rendered":"<div><img decoding=\"async\" width=\"696\" height=\"458\" src=\"https:\/\/canal5.md\/wp-content\/uploads\/2025\/03\/698257-optimized.webp\" class=\"attachment-large size-large wp-post-image\" alt=\"\" loading=\"lazy\" srcset=\"https:\/\/canal5.md\/wp-content\/uploads\/2025\/03\/698257-optimized.webp 760w, https:\/\/canal5.md\/wp-content\/uploads\/2025\/03\/698257-300x197-optimized.webp 300w, https:\/\/canal5.md\/wp-content\/uploads\/2025\/03\/698257-696x458-optimized.webp 696w\">Comitetul Executiv al G\u0103g\u0103uziei a lansat un apel c\u0103tre deputa\u021bii din Adunarea Popular\u0103 s\u0103 condamne ferm re\u021binerea ba\u0219canului Evghenia Gu\u021bul. Membrii comitetului sunt convin\u0219i c\u0103 arestarea ba\u0219canului ales legal nu reprezint\u0103 doar o \u00eenc\u0103lcare grav\u0103 a drepturilor locuitorilor G\u0103g\u0103uziei, ci \u0219i un act flagrant de represiune politic\u0103.\u00a0 \u201eNe adres\u0103m \u00eentregii componen\u021be a Adun\u0103rii Populare a [\u2026]<\/div>\n","protected":false},"author":1,"featured_media":69771,"comment_status":"closed","ping_status":"closed","sticky":false,"template":"","format":"standard","meta":{"jnews-multi-image_gallery":[],"jnews_single_post":[],"jnews_primary_category":[],"jnews_social_meta":[],"jnews_override_counter":[],"footnotes":""},"categories":[23],"tags":[],"class_list":["post-69770","post","type-post","status-publish","format-standard","has-post-thumbnail","hentry","category-politica_ro"],"_links":{"self":[{"href":"https:\/\/orheifm.live\/index.php\/wp-json\/wp\/v2\/posts\/69770","targetHints":{"allow":["GET"]}}],"collection":[{"href":"https:\/\/orheifm.live\/index.php\/wp-json\/wp\/v2\/posts"}],"about":[{"href":"https:\/\/orheifm.live\/index.php\/wp-json\/wp\/v2\/types\/post"}],"author":[{"embeddable":true,"href":"https:\/\/orheifm.live\/index.php\/wp-json\/wp\/v2\/users\/1"}],"replies":[{"embeddable":true,"href":"https:\/\/orheifm.live\/index.php\/wp-json\/wp\/v2\/comments?post=69770"}],"version-history":[{"count":0,"href":"https:\/\/orheifm.live\/index.php\/wp-json\/wp\/v2\/posts\/69770\/revisions"}],"wp:featuredmedia":[{"embeddable":true,"href":"https:\/\/orheifm.live\/index.php\/wp-json\/wp\/v2\/media\/69771"}],"wp:attachment":[{"href":"https:\/\/orheifm.live\/index.php\/wp-json\/wp\/v2\/media?parent=69770"}],"wp:term":[{"taxonomy":"category","embeddable":true,"href":"https:\/\/orheifm.live\/index.php\/wp-json\/wp\/v2\/categories?post=69770"},{"taxonomy":"post_tag","embeddable":true,"href":"https:\/\/orheifm.live\/index.php\/wp-json\/wp\/v2\/tags?post=69770"}],"curies":[{"name":"wp","href":"https:\/\/api.w.org\/{rel}","templated":true}]}}