{"id":69768,"date":"2025-03-26T15:23:50","date_gmt":"2025-03-26T13:23:50","guid":{"rendered":"https:\/\/orheifm.live\/index.php\/2025\/03\/26\/bascanul-gagauziei-retinuta-de-mascati-si-interogata-ore-intregi-la-aeroport-unde-se-indrepta-evghenia-gutul\/"},"modified":"2025-03-26T15:23:50","modified_gmt":"2025-03-26T13:23:50","slug":"bascanul-gagauziei-retinuta-de-mascati-si-interogata-ore-intregi-la-aeroport-unde-se-indrepta-evghenia-gutul","status":"publish","type":"post","link":"https:\/\/orheifm.live\/index.php\/2025\/03\/26\/bascanul-gagauziei-retinuta-de-mascati-si-interogata-ore-intregi-la-aeroport-unde-se-indrepta-evghenia-gutul\/","title":{"rendered":"Ba\u0219canul G\u0103g\u0103uziei, re\u021binut\u0103 de masca\u021bi \u0219i interogat\u0103 ore \u00eentregi la aeroport. Unde se \u00eendrepta Evghenia Gu\u021bul?"},"content":{"rendered":"<div>\n<p><strong>Ba\u0219canul G\u0103g\u0103uziei, Evghenia Gu\u021bul, a fost re\u021binut\u0103 pentru 72 de ore mar\u021bi seara pe Aeroportul Interna\u021bional Chi\u0219in\u0103u. Poli\u021bia \u0219i masca\u021bii au \u00eenconjurat aeroportul, ca \u0219i cum ar fi venit, nu dup\u0103 o t\u00e2n\u0103r\u0103 firav\u0103, ci dup\u0103 un terorist gata s\u0103 lupte cu ei. Dup\u0103 ore de interogatoriu \u0219i perchezi\u021bii, guvernatoarea a fost dus\u0103 la Centrul Na\u021bional Anticorup\u021bie. Sus\u021bin\u0103torii \u0219i colegii s\u0103i au acuzat o ac\u021biune ilegal\u0103 a guvern\u0103rii, parte a unui plan de represiune \u0219i distrugere a opozi\u021biei. Poli\u021bia de frontier\u0103 a anun\u021bat abia diminea\u021ba c\u0103 aceasta figura \u00een sistemele informa\u021bionale cu statut de consemn.<\/strong><br \/>\n<iframe loading=\"lazy\" title=\"YouTube video player\" src=\"https:\/\/www.youtube.com\/embed\/EoUGwlgwfvk?si=m5GPZZR6RLkQB9rW\" width=\"560\" height=\"315\" frameborder=\"0\" allowfullscreen=\"allowfullscreen\"><\/iframe><\/p>\n<p>Ba\u0219canul G\u0103g\u0103uziei, Evghenia Gu\u021bul, a fost re\u021binut\u0103 pentru 72 de ore mar\u021bi seara pe Aeroportul Interna\u021bional Chi\u0219in\u0103u. Poli\u021bia \u0219i masca\u021bii au \u00eenconjurat aeroportul, ca \u0219i cum ar fi venit, nu dup\u0103 o t\u00e2n\u0103r\u0103 firav\u0103, ci dup\u0103 un terorist gata s\u0103 lupte cu ei. Dup\u0103 ore de interogatoriu \u0219i perchezi\u021bii, guvernatoarea a fost dus\u0103 la Centrul Na\u021bional Anticorup\u021bie. Sus\u021bin\u0103torii \u0219i colegii s\u0103i au acuzat o ac\u021biune ilegal\u0103 a guvern\u0103rii, parte a unui plan de represiune \u0219i distrugere a opozi\u021biei. Poli\u021bia de frontier\u0103 a anun\u021bat abia diminea\u021ba c\u0103 aceasta figura \u00een sistemele informa\u021bionale cu statut de consemn.<\/p>\n<p>Evghenia Gu\u021bul, ba\u0219canul G\u0103g\u0103uziei, a fost re\u021binut\u0103 \u00een drum spre Istanbul, unde mergea, la invita\u021bia Congresului Interna\u021bional al Jurnali\u0219tilor. Poli\u021bi\u0219tii de frontier\u0103 i-au confiscat pa\u0219aportul \u0219i au dus- o \u00een camera de interogatoriu, unde CNA i-a comunicat re\u021binerea, f\u0103r\u0103 a i se explica motivul.<\/p>\n<p>\u2013 Voi to\u021bi sunte\u021bi dup\u0103 mine? Dar cine este cel mai principal la voi, cine va r\u0103spunde la \u00eentreb\u0103rile mele? Domni\u0219oar\u0103.<\/p>\n<p>\u2013 Da. \u2013 Am sc\u0103pat numele dumneavoastr\u0103.<\/p>\n<p>\u2013 Victoria Balamatiuc.<\/p>\n<p>\u2013 Dar se poate \u0219i tr\u0103duc\u0103torul? -Sunte\u021bi to\u021bi dup\u0103 mine, da? Cu ce scop?<\/p>\n<p>\u2013 Dumneavoastr\u0103 sunte\u021bi re\u021binut\u0103.<\/p>\n<p>\u00cen timp ce Evghenia Gu\u021bul era audiat\u0103 \u00een aeroport, afar\u0103, mai multe echipaje de poli\u021bie \u0219i masca\u021bi \u00eemp\u00e2nzeau zona, cre\u00e2nd impresia unei ac\u021biuni \u00eempotriva unui grup de terori\u0219ti. Cel mai probabil, PAS, care-\u0219i cur\u0103\u021b\u0103 teritoriul de oponen\u021bii politici, nu \u0219tie s\u0103 ac\u021bioneze altfel. Dup\u0103 ore de perchezi\u021bii \u0219i interogatorii, ba\u0219canul a fost dus\u0103 la Centrul Na\u021bional Anticorup\u021bie. La ie\u0219ire, a fost \u00eent\u00e2mpinat\u0103 de sus\u021bin\u0103tori care scandau \u201eEvghenia, suntem cu tine!\u201d \u0219i \u201eAceasta este o abera\u021bie!\u201d.<\/p>\n<p>Evghenia totul va fi bine. Dezastru. \u00a0Evghenia suntem cu tine, rezist\u0103.<\/p>\n<p>Colegii \u0219i sus\u021bin\u0103torii ba\u0219canului afirm\u0103 c\u0103 re\u021binerea este ilegal\u0103, f\u0103r\u0103 explica\u021bii \u0219i motive \u0219i \u00eei \u00eencalc\u0103 drepturile fundamentale. Ei consider\u0103 c\u0103 ac\u021biunea reprezint\u0103 o presiune asupra opozi\u021biei \u0219i o \u00eenc\u0103lcare grav\u0103 a legii, av\u00e2nd ca scop intimidarea, izolarea \u0219i reducerea la t\u0103cere a celor care se opun puterii.<\/p>\n<p>IURII CUZNE\u021aOV, \u0219ef-adjunct al departamentului pentru rela\u021bii externe de la Comrat<\/p>\n<p>Evghenia Alexandrovna se \u00eendrepta spre Republica Turc\u0103, \u00een ora\u0219ul Istanbul, pentru a participa la un eveniment important, invitat\u0103 de Congresul Interna\u021bional al Jurnali\u0219tilor, care se desf\u0103\u0219ura cu ocazia unor \u00eent\u00e2lniri \u0219i discu\u021bii de amploare. De-a lungul \u00eentregii sale perioade de mandat ca ba\u0219can, ea a realizat numeroase c\u0103l\u0103torii, men\u021bin\u00e2nd leg\u0103turi str\u00e2nse cu parteneri interna\u021bionali.<\/p>\n<p>Un exemplu concret a fost \u00eentre 25 \u0219i 30 ale lunii, c\u00e2nd avea programat\u0103 o misiune deosebit de important\u0103, destinat\u0103 s\u0103 abordeze teme esen\u021biale pentru autonomia g\u0103g\u0103uz\u0103. Din p\u0103cate, autorit\u0103\u021bile actuale au uzurpat nu doar puterea, dar au transformat \u021bara \u00eentr-un loc unde chiar \u0219i drepturile fundamentale ale cet\u0103\u021benilor sunt restric\u021bionate. Ast\u0103zi, un simplu cet\u0103\u021bean nu mai poate pleca \u00een afaceri externe din cauza voin\u021bei celor afla\u021bi la putere, iar aceasta este o \u00eenc\u0103lcare flagrant\u0103 a drepturilor noastre constitu\u021bionale<\/p>\n<p>VITALII MIHAILOV, activist al Blocului \u201eVictoria\u201d<br \/>\nAm aflat din re\u021belele sociale c\u0103 ba\u0219canul G\u0103g\u0103uziei a fost re\u021binut din motive neclare, fiind \u021binut\u0103 mai mult de trei ore. Am venit s\u0103 o sprijinim, pentru c\u0103 este momentul s\u0103 punem cap\u0103t acestui dezastru care se petrece ast\u0103zi \u00een \u021bara noastr\u0103. Cred c\u0103 poporul nostru nu este orb \u0219i, chiar dac\u0103 a\u021bi \u00eenchis 15 canale, nu ve\u021bi reu\u0219i s\u0103 opri\u021bi transmiterea adev\u0103rului. Oamenii vor \u0219ti s\u0103 v\u0103 evalueze la alegerile parlamentare.<\/p>\n<p>Ulterior, sus\u021bin\u0103torii s-au deplasat la cl\u0103direa CNA, unde au fost \u00eent\u00e2mpina\u021bi de opt echipaje de poli\u021bie, care le-au verificat documentele.<\/p>\n<p>\u2013 Cum v\u0103 numi\u021bi?<\/p>\n<p>\u00centre timp, Evghenia Gu\u021bul a fost escortat\u0103 printr-o alt\u0103 intrare. De \u00eendat\u0103 ce for\u021bele de ordine s-au asigurat c\u0103 guvernatorul a intrat \u00een cl\u0103direa CNA, to\u021bi poli\u021bi\u0219tii au disp\u0103rut. Colegii ba\u0219canului au subliniat c\u0103 aceast\u0103 ac\u021biune a dep\u0103\u0219it orice limit\u0103. Mai mult, ace\u0219tia s-au ar\u0103tat convin\u0219i c\u0103 planul de re\u021binere a guvernatorului la aeroport fusese discutat \u00een cadrul \u0219edin\u021bei Consiliului Suprem de Securitate de mar\u021bi.<\/p>\n<p>VASILE BOLEA, pre\u0219edintele grupului parlamentar \u201eVictorie\u201d<br \/>\nAu \u00eenceput discu\u021bii referitor la preg\u0103tirea campaniei electorale. Nu exclud faptul c\u0103 \u00een cadrul acestui consiliu au fost date indica\u021bii \u0219i una din indica\u021bii ar fi, nu exclud, re\u021binerea Ba\u0219canului G\u0103g\u0103uziei \u0219i \u00eencetarea unor procese de care de mult se vorbe\u0219te la Comrat, faptul c\u0103 se inten\u021bioneaz\u0103 cumva ba\u0219canul s\u0103 fie cumva suspendat din func\u021bie.<\/p>\n<p>DENIS ULANOV, deputat al grupului parlamentar \u201eVictorie\u201d, fost avocat<br \/>\nDin punct de vedere juridic, tot acest lucru este absolut inexplicabil, deoarece Ba\u0219canul Evghenia Gu\u021bul nu a comis nicio ac\u021biune care ar fi putut determina organele de drept s\u0103 recurg\u0103 la astfel de m\u0103suri severe. Ea s-a prezentat la \u0219edin\u021bele de judecat\u0103, nu a \u00eentreprins nicio ac\u021biune ilegal\u0103 \u00een cadrul procesului \u0219i nici m\u0103car nu a \u00eencercat s\u0103 o fac\u0103. Este greu de \u00een\u021beles scopul acestei ac\u021biuni, \u00een afar\u0103 de un interes politic. Repet, din punct de vedere juridic, acest lucru nu are sens.<\/p>\n<p>Abia miercuri diminea\u021ba, Poli\u021bia de Frontier\u0103 a anun\u021bat c\u0103 \u00een cadrul controlului s-a constatat c\u0103 Evghenia Gu\u021bul figureaz\u0103 \u00een sistemele informa\u021bionale cu statut de consemn.<\/p>\n<\/div>\n","protected":false},"excerpt":{"rendered":"<div><img loading=\"lazy\" decoding=\"async\" width=\"696\" height=\"364\" src=\"https:\/\/canal5.md\/wp-content\/uploads\/2025\/03\/snimok-ekrana_26-3-2025_152258_www.youtube.com_-optimized.jpeg\" class=\"attachment-large size-large wp-post-image\" alt=\"\" srcset=\"https:\/\/canal5.md\/wp-content\/uploads\/2025\/03\/snimok-ekrana_26-3-2025_152258_www.youtube.com_-optimized.jpeg 704w, https:\/\/canal5.md\/wp-content\/uploads\/2025\/03\/snimok-ekrana_26-3-2025_152258_www.youtube.com_-300x157-optimized.jpeg 300w, https:\/\/canal5.md\/wp-content\/uploads\/2025\/03\/snimok-ekrana_26-3-2025_152258_www.youtube.com_-696x364-optimized.jpeg 696w\">Ba\u0219canul G\u0103g\u0103uziei, Evghenia Gu\u021bul, a fost re\u021binut\u0103 pentru 72 de ore mar\u021bi seara pe Aeroportul Interna\u021bional Chi\u0219in\u0103u. Poli\u021bia \u0219i masca\u021bii au \u00eenconjurat aeroportul, ca \u0219i cum ar fi venit, nu dup\u0103 o t\u00e2n\u0103r\u0103 firav\u0103, ci dup\u0103 un terorist gata s\u0103 lupte cu ei. Dup\u0103 ore de interogatoriu \u0219i perchezi\u021bii, guvernatoarea a fost dus\u0103 la Centrul [\u2026]<\/div>\n","protected":false},"author":1,"featured_media":69769,"comment_status":"closed","ping_status":"closed","sticky":false,"template":"","format":"standard","meta":{"jnews-multi-image_gallery":[],"jnews_single_post":[],"jnews_primary_category":[],"jnews_social_meta":[],"jnews_override_counter":[],"footnotes":""},"categories":[23],"tags":[],"class_list":["post-69768","post","type-post","status-publish","format-standard","has-post-thumbnail","hentry","category-politica_ro"],"_links":{"self":[{"href":"https:\/\/orheifm.live\/index.php\/wp-json\/wp\/v2\/posts\/69768","targetHints":{"allow":["GET"]}}],"collection":[{"href":"https:\/\/orheifm.live\/index.php\/wp-json\/wp\/v2\/posts"}],"about":[{"href":"https:\/\/orheifm.live\/index.php\/wp-json\/wp\/v2\/types\/post"}],"author":[{"embeddable":true,"href":"https:\/\/orheifm.live\/index.php\/wp-json\/wp\/v2\/users\/1"}],"replies":[{"embeddable":true,"href":"https:\/\/orheifm.live\/index.php\/wp-json\/wp\/v2\/comments?post=69768"}],"version-history":[{"count":0,"href":"https:\/\/orheifm.live\/index.php\/wp-json\/wp\/v2\/posts\/69768\/revisions"}],"wp:featuredmedia":[{"embeddable":true,"href":"https:\/\/orheifm.live\/index.php\/wp-json\/wp\/v2\/media\/69769"}],"wp:attachment":[{"href":"https:\/\/orheifm.live\/index.php\/wp-json\/wp\/v2\/media?parent=69768"}],"wp:term":[{"taxonomy":"category","embeddable":true,"href":"https:\/\/orheifm.live\/index.php\/wp-json\/wp\/v2\/categories?post=69768"},{"taxonomy":"post_tag","embeddable":true,"href":"https:\/\/orheifm.live\/index.php\/wp-json\/wp\/v2\/tags?post=69768"}],"curies":[{"name":"wp","href":"https:\/\/api.w.org\/{rel}","templated":true}]}}