{"id":69766,"date":"2025-03-26T15:18:28","date_gmt":"2025-03-26T13:18:28","guid":{"rendered":"https:\/\/orheifm.live\/index.php\/2025\/03\/26\/deputatii-victoria-s-au-intalnit-cu-gutul-ce-le-a-transmis-bascanul-sustinatorilor-sai\/"},"modified":"2025-03-26T15:18:28","modified_gmt":"2025-03-26T13:18:28","slug":"deputatii-victoria-s-au-intalnit-cu-gutul-ce-le-a-transmis-bascanul-sustinatorilor-sai","status":"publish","type":"post","link":"https:\/\/orheifm.live\/index.php\/2025\/03\/26\/deputatii-victoria-s-au-intalnit-cu-gutul-ce-le-a-transmis-bascanul-sustinatorilor-sai\/","title":{"rendered":"Deputa\u021bii \u201eVictoria\u201d s-au \u00eent\u00e2lnit cu Gu\u021bul: Ce le-a transmis Ba\u0219canul sus\u021bin\u0103torilor s\u0103i?"},"content":{"rendered":"<div>\n<p><strong>Mai mul\u021bi deputa\u021bi ai grupului parlamentar \u201eVictorie\u201d, \u00eempreun\u0103 cu avoca\u021bii Natalia Bairam \u0219i Sergiu Moraru, au mers de diminea\u021b\u0103 la izolatul CNA pentru a o vizita pe Evghenia Gu\u021bul \u0219i a verifica condi\u021biile \u00een care se afl\u0103 aceasta. \u00cen interior, au fost l\u0103sa\u021bi s\u0103 intre doar deputa\u021bii.<\/strong><br \/>\n<iframe loading=\"lazy\" title=\"YouTube video player\" src=\"https:\/\/www.youtube.com\/embed\/ozLPXpgx1sk?si=8Jkg4-waV-MM8o6H\" width=\"560\" height=\"315\" frameborder=\"0\" allowfullscreen=\"allowfullscreen\"><\/iframe><\/p>\n<p>Dup\u0103 ce au vizitat-o, deputatul grupului parlamentar \u201eVictorie\u201d, Denis Ulanov, a declarat c\u0103 Evghenia Gu\u021bul este hot\u0103r\u00e2t\u0103 s\u0103 nu cedeze \u0219i s\u0103 dep\u0103\u0219easc\u0103 aceast\u0103 perioad\u0103 dificil\u0103, av\u00e2nd \u00eencredere \u00een nevinov\u0103\u021bia sa \u0219i \u00een sprijinul celor din jur.<\/p>\n<p>DENIS ULANOV, deputat al grupului parlamentar \u201eVictorie\u201d<\/p>\n<p>\u2013 Evghenia Alexandrovna este convins\u0103 de nevinov\u0103\u021bia sa, desigur, acest lucru se datoreaz\u0103 colabor\u0103rii cu avoca\u021bii. Ea este, de fapt, foarte uimit\u0103 de cele \u00eent\u00e2mplate, pentru c\u0103 \u00eenc\u0103 o dat\u0103 a demonstrat c\u0103 respect\u0103 absolut legea.<\/p>\n<p>\u2013 Ea se afl\u0103 \u00eentr-o stare absolut normal\u0103 \u0219i pot chiar s\u0103 spun c\u0103 este decis\u0103 s\u0103 lupte p\u00e2n\u0103 la cap\u0103t. Nu avem nicio \u00eendoial\u0103 c\u0103 nu va ceda, noi trebuie s\u0103 fim \u00eencrez\u0103tori c\u0103, din punct de vedere moral \u0219i psihologic, va trece peste acest moment, va rezista \u0219i va merge mai departe.<\/p>\n<p>\u00cen ciuda tuturor tentarivelor de intimidare, ba\u0219canul r\u0103m\u00e2ne ferm \u0219i mul\u021bume\u0219te tuturor pentru sus\u021binere, subliniind c\u0103 spiritul de solidaritate a locuitorilor G\u0103g\u0103uziei este crucial pentru p\u0103strarea autonomiei, a spus deputatul Vadim Fotescu.<\/p>\n<p>VADIM FOTESCU, deputat al grupului parlamentar \u201eVictorie\u201d<br \/>\n\u2013 Dac\u0103 scopul arest\u0103rii a fost tocmai acela de a \u00eenfr\u00e2nge spiritul ba\u0219canului G\u0103g\u0103uziei, v\u0103 asigur\u0103m c\u0103 regimul nu a reu\u0219it \u0219i nu va reu\u0219i. Evghenia Alexandrovna este foarte recunosc\u0103toare, a\u0219a cum a spus Denis, tuturor celor care au oferit sus\u021binere, inclusiv fiec\u0103rui cet\u0103\u021bean al G\u0103g\u0103uziei, care, dup\u0103 cum \u0219tim, ast\u0103zi au ie\u0219it la un miting, la Comrat. \u0218i ea a mai rugat s\u0103 transmit at\u00e2t Adun\u0103rii Populare, c\u00e2t \u0219i locuitorilor G\u0103g\u0103uziei, c\u0103 dac\u0103 vor l\u0103sa capul jos, vor pierde autonomia.<\/p>\n<p>Iar deputatul Reghina Apostolova a subliniat c\u0103, \u00een ciuda tuturor dificult\u0103\u021bilor \u0219i piedicilor care i le pune guvernarea, de c\u00e2nd fost aleas\u0103 \u00een calitate de ba\u0219can al autonomiei, Evghenia Gu\u021bul a demonstrat un caracter puternic \u0219i dedica\u021bie fa\u021b\u0103 de interesele poporului G\u0103g\u0103uz.<\/p>\n<p>REGHINA APOSTOLOVA, deputat al grupului parlamentar \u201eVictorie\u201d<br \/>\n\u2013 Vreau s\u0103 le reamintesc respectabililor reprezentan\u021b\u0103 ai mass-media c\u0103, \u00een ultimii doi ani, ba\u0219canul G\u0103g\u0103uziei, Evghenia Alexandrovna, a trecut prin multe. \u0218i a dovedit c\u0103 are \u00eentr-adev\u0103r un caracter de lupt\u0103tor. Ea a amintit mereu c\u0103 a fost aleas\u0103 de poporul G\u0103g\u0103uziei. A slujit \u0219i continu\u0103 s\u0103 slujeasc\u0103 poporului g\u0103g\u0103uz cu credin\u021b\u0103 \u0219i devotament.<\/p>\n<p>Amintim c\u0103, mar\u021bi seara, ba\u0219canul G\u0103g\u0103uziei, Evghenia Gu\u021bul, a fost re\u021binut\u0103 pentru 72 de ore pe Aeroportul Interna\u021bional Chi\u0219in\u0103u.<\/p>\n<\/div>\n","protected":false},"excerpt":{"rendered":"<div><img loading=\"lazy\" decoding=\"async\" width=\"696\" height=\"368\" src=\"https:\/\/canal5.md\/wp-content\/uploads\/2025\/03\/snimok-ekrana_26-3-2025_15182_www.youtube.com_-optimized.jpeg\" class=\"attachment-large size-large wp-post-image\" alt=\"\" srcset=\"https:\/\/canal5.md\/wp-content\/uploads\/2025\/03\/snimok-ekrana_26-3-2025_15182_www.youtube.com_-optimized.jpeg 804w, https:\/\/canal5.md\/wp-content\/uploads\/2025\/03\/snimok-ekrana_26-3-2025_15182_www.youtube.com_-300x159-optimized.jpeg 300w, https:\/\/canal5.md\/wp-content\/uploads\/2025\/03\/snimok-ekrana_26-3-2025_15182_www.youtube.com_-768x406-optimized.jpeg 768w, https:\/\/canal5.md\/wp-content\/uploads\/2025\/03\/snimok-ekrana_26-3-2025_15182_www.youtube.com_-696x368-optimized.jpeg 696w\">Mai mul\u021bi deputa\u021bi ai grupului parlamentar \u201eVictorie\u201d, \u00eempreun\u0103 cu avoca\u021bii Natalia Bairam \u0219i Sergiu Moraru, au mers de diminea\u021b\u0103 la izolatul CNA pentru a o vizita pe Evghenia Gu\u021bul \u0219i a verifica condi\u021biile \u00een care se afl\u0103 aceasta. \u00cen interior, au fost l\u0103sa\u021bi s\u0103 intre doar deputa\u021bii. Dup\u0103 ce au vizitat-o, deputatul grupului parlamentar \u201eVictorie\u201d, [\u2026]<\/div>\n","protected":false},"author":1,"featured_media":69767,"comment_status":"closed","ping_status":"closed","sticky":false,"template":"","format":"standard","meta":{"jnews-multi-image_gallery":[],"jnews_single_post":[],"jnews_primary_category":[],"jnews_social_meta":[],"jnews_override_counter":[],"footnotes":""},"categories":[23],"tags":[],"class_list":["post-69766","post","type-post","status-publish","format-standard","has-post-thumbnail","hentry","category-politica_ro"],"_links":{"self":[{"href":"https:\/\/orheifm.live\/index.php\/wp-json\/wp\/v2\/posts\/69766","targetHints":{"allow":["GET"]}}],"collection":[{"href":"https:\/\/orheifm.live\/index.php\/wp-json\/wp\/v2\/posts"}],"about":[{"href":"https:\/\/orheifm.live\/index.php\/wp-json\/wp\/v2\/types\/post"}],"author":[{"embeddable":true,"href":"https:\/\/orheifm.live\/index.php\/wp-json\/wp\/v2\/users\/1"}],"replies":[{"embeddable":true,"href":"https:\/\/orheifm.live\/index.php\/wp-json\/wp\/v2\/comments?post=69766"}],"version-history":[{"count":0,"href":"https:\/\/orheifm.live\/index.php\/wp-json\/wp\/v2\/posts\/69766\/revisions"}],"wp:featuredmedia":[{"embeddable":true,"href":"https:\/\/orheifm.live\/index.php\/wp-json\/wp\/v2\/media\/69767"}],"wp:attachment":[{"href":"https:\/\/orheifm.live\/index.php\/wp-json\/wp\/v2\/media?parent=69766"}],"wp:term":[{"taxonomy":"category","embeddable":true,"href":"https:\/\/orheifm.live\/index.php\/wp-json\/wp\/v2\/categories?post=69766"},{"taxonomy":"post_tag","embeddable":true,"href":"https:\/\/orheifm.live\/index.php\/wp-json\/wp\/v2\/tags?post=69766"}],"curies":[{"name":"wp","href":"https:\/\/api.w.org\/{rel}","templated":true}]}}