{"id":69764,"date":"2025-03-26T15:11:09","date_gmt":"2025-03-26T13:11:09","guid":{"rendered":"https:\/\/orheifm.live\/index.php\/2025\/03\/26\/la-donduseni-si-edinet-blocul-victorie-a-aprins-lumanari-in-memoria-celor-cazuti-in-lupta-pentru-eliberarea-moldovei\/"},"modified":"2025-03-26T15:11:09","modified_gmt":"2025-03-26T13:11:09","slug":"la-donduseni-si-edinet-blocul-victorie-a-aprins-lumanari-in-memoria-celor-cazuti-in-lupta-pentru-eliberarea-moldovei","status":"publish","type":"post","link":"https:\/\/orheifm.live\/index.php\/2025\/03\/26\/la-donduseni-si-edinet-blocul-victorie-a-aprins-lumanari-in-memoria-celor-cazuti-in-lupta-pentru-eliberarea-moldovei\/","title":{"rendered":"La Dondu\u0219eni \u0219i Edine\u021b, Blocul \u201eVictorie\u201d  a aprins lum\u00e2n\u0103ri \u00een memoria celor c\u0103zu\u021bi \u00een lupta pentru eliberarea Moldovei"},"content":{"rendered":"<div>\n<p><strong>Deputa\u021bi, reprezentan\u021bi \u0219i sus\u021bin\u0103tori ai Blocului \u201eVictorie\u201d, al\u0103turi de locuitorii ora\u0219ului Edine\u021b au mers \u00een coloan\u0103 c\u0103tre Complexul Memorial \u201eMaica \u00eendurerat\u0103\u201d, unde au depus flori, cu ocazia celei de-a 81-a anivers\u0103ri de la eliberarea localit\u0103\u021bii de sub ocupa\u021bia fascist\u0103<\/strong>.<br \/>\n<iframe loading=\"lazy\" title=\"YouTube video player\" src=\"https:\/\/www.youtube.com\/embed\/C2Vp2r2kN-0?si=LUM6QYGI1RWOWZba\" width=\"560\" height=\"315\" frameborder=\"0\" allowfullscreen=\"allowfullscreen\"><\/iframe><\/p>\n<p>Deputatul grupului parlamentar \u201eVictorie\u201d Vadim Fotescu, care a fost prezent la eveniment, consider\u0103 c\u0103 actualele autorit\u0103\u021bi \u00eencearc\u0103 acum s\u0103 rescrie istoria \u0219i s\u0103 tr\u0103deze eroismul soldatului sovietic. \u0218i c\u0103 doar prin memoria oamenilor, cinstirea osta\u0219ilor c\u0103zu\u021bi \u0219i recuno\u0219tin\u021ba fa\u021b\u0103 de cei care au ajuns p\u00e2n\u0103 \u00een zilele noastre lucrurile pot fi schimbate.<\/p>\n<p>VADIM FOTESCU, deputat al grupului parlamentar \u201eVictorie\u201d<br \/>\nOrganiz\u0103m astfel de mar\u0219uri \u00een toat\u0103 \u021bara, \u00een ordinea \u00een care au fost eliberate ora\u0219ele \u0219i satele noastre. Vedem c\u0103 oamenii din Moldova \u00ee\u0219i amintesc de istoria real\u0103 \u0219i \u00ee\u0219i amintesc isprava soldatului sovietic, \u00ee\u0219i amintesc datorit\u0103 cui tr\u0103im ast\u0103zi sub un cer pa\u0219nic, liber!<\/p>\n<p>Pe fundalul legendarei \u201eKatiu\u0219a\u201d, localnicii, care au venit cu familiile lor, \u00eempreun\u0103 cu reprezentan\u021bi ai Blocului \u201eVictorie\u201d, au depus flori la memorialul \u201eMaica \u00eendurerat\u0103\u201d.<\/p>\n<p>Reprezentan\u021bii Blocului \u201eVictorie\u201d au mers \u00een vizit\u0103 la una dintre veteranele Marelui R\u0103zboi pentru Ap\u0103rarea Patriei \u2013 Irina Nicolaevna Iarovaia, care a trecut inclusiv prin iadul ghetoului, fiind printre pu\u021binii care au supravie\u021buit ororilor la care erau supu\u0219i de\u021binu\u021bii. \u00cempreun\u0103 cu felicit\u0103\u021bile cu ocazia anivers\u0103rii a 80 de ani de la eliberarea ora\u0219ului Edine\u021b, ea a primit \u00een dar flori, cuvinte de profund\u0103 recuno\u0219tin\u021b\u0103 \u0219i ur\u0103ri de s\u0103n\u0103tate.<\/p>\n<p>\u2013 VADIM FOTESCU, deputat al grupului parlamentar \u201eVictorie\u201d<br \/>\n\u2013 \u0218ti\u021bi c\u0103 acesta este anul nostru aniversar \u2013 80 de ani de la Marea Victorie, vrem s\u0103 v\u0103 mul\u021bumim enorm \u0219i s\u0103 v\u0103 aducem recuno\u0219tin\u021ba noastr\u0103 pentru eroismul de care a\u021bi dat dovad\u0103, deoarece e cu adev\u0103rat groaznic s\u0103 treci prin toate acele orori.<\/p>\n<p>IRINA IAROVAIA, fost prizonier al ghetoului<\/p>\n<p>\u00cei mul\u021bumesc lui Ilan \u0218or pentru aten\u021bie, pentru amabilitate, pentru un asemenea ajutor. Dumnezeu s\u0103-l aib\u0103 \u00een paz\u0103 pe el \u0219i pe familia lui.<\/p>\n<p>\u0218i toate cele bune \u0219i vou\u0103, fie ca Dumnezeu s\u0103 ne dea tuturor pace pe p\u0103m\u00e2nt.<\/p>\n<p>Evenimente comemorative au avut loc \u0219i la Dondu\u0219eni. \u00cen cadrul ac\u021biunii \u201eLum\u00e2narea Memoriei\u201d, au fost aprinse lum\u00e2n\u0103ri, \u00een memoria celor care au luptat \u0219i care, cu pre\u021bul vie\u021bii, au eliberat Moldova \u0219i \u00eentreaga lume de invadatorii nazi\u0219ti. Ac\u021biunea este o manifestare a plec\u0103ciunii \u00een fa\u021ba eroismului solda\u021bilor sovietici care, f\u0103r\u0103 a-\u0219i cru\u021ba via\u021ba, au ap\u0103rat viitorul nostru. Curajul \u0219i sacrificiul lor sunt temelia p\u0103cii \u00een care tr\u0103im. Ei au luptat pentru ca noi s\u0103 putem privi cerul f\u0103r\u0103 fric\u0103, pentru ca genera\u021bia noastr\u0103 s\u0103 tr\u0103iasc\u0103 \u00eentr-o lume f\u0103r\u0103 r\u0103zboi.<\/p>\n<p>Pentru p\u0103strarea memoriei istorice, cu sprijinul Blocului \u201eVictorie\u201d, \u00een multe regiuni ale \u021b\u0103rii noastre au loc evenimente \u0219i ac\u021biuni comemorative. Reprezentan\u021bii Blocului continu\u0103 s\u0103 aprind\u0103 lum\u00e2n\u0103ri ale memoriei, s\u0103 depun\u0103 flori la memoriale \u0219i s\u0103 transmit\u0103 tinerei genera\u021bii adev\u0103rul despre acel r\u0103zboi. Amintim c\u0103, \u00een februarie, deputa\u021bii grupului parlamentar \u201eVictorie\u201d s-au adresat Parlamentului cu propunerea de a organiza s\u0103rb\u0103tori de amploare cu ocazia \u00eemplinirii a 80 de ani de la Marea Victorie. Cu toate acestea, PAS nu a sus\u021binut aceast\u0103 ini\u021biativ\u0103.<\/p>\n<\/div>\n","protected":false},"excerpt":{"rendered":"<div><img loading=\"lazy\" decoding=\"async\" width=\"545\" height=\"405\" src=\"https:\/\/canal5.md\/wp-content\/uploads\/2025\/03\/snimok-ekrana_26-3-2025_145920_www.youtube.com_-optimized.jpeg\" class=\"attachment-large size-large wp-post-image\" alt=\"\" srcset=\"https:\/\/canal5.md\/wp-content\/uploads\/2025\/03\/snimok-ekrana_26-3-2025_145920_www.youtube.com_-optimized.jpeg 545w, https:\/\/canal5.md\/wp-content\/uploads\/2025\/03\/snimok-ekrana_26-3-2025_145920_www.youtube.com_-300x223-optimized.jpeg 300w, https:\/\/canal5.md\/wp-content\/uploads\/2025\/03\/snimok-ekrana_26-3-2025_145920_www.youtube.com_-485x360-optimized.jpeg 485w\">Deputa\u021bi, reprezentan\u021bi \u0219i sus\u021bin\u0103tori ai Blocului \u201eVictorie\u201d, al\u0103turi de locuitorii ora\u0219ului Edine\u021b au mers \u00een coloan\u0103 c\u0103tre Complexul Memorial \u201eMaica \u00eendurerat\u0103\u201d, unde au depus flori, cu ocazia celei de-a 81-a anivers\u0103ri de la eliberarea localit\u0103\u021bii de sub ocupa\u021bia fascist\u0103. Deputatul grupului parlamentar \u201eVictorie\u201d Vadim Fotescu, care a fost prezent la eveniment, consider\u0103 c\u0103 actualele autorit\u0103\u021bi [\u2026]<\/div>\n","protected":false},"author":1,"featured_media":69765,"comment_status":"closed","ping_status":"closed","sticky":false,"template":"","format":"standard","meta":{"jnews-multi-image_gallery":[],"jnews_single_post":[],"jnews_primary_category":[],"jnews_social_meta":[],"jnews_override_counter":[],"footnotes":""},"categories":[23],"tags":[],"class_list":["post-69764","post","type-post","status-publish","format-standard","has-post-thumbnail","hentry","category-politica_ro"],"_links":{"self":[{"href":"https:\/\/orheifm.live\/index.php\/wp-json\/wp\/v2\/posts\/69764","targetHints":{"allow":["GET"]}}],"collection":[{"href":"https:\/\/orheifm.live\/index.php\/wp-json\/wp\/v2\/posts"}],"about":[{"href":"https:\/\/orheifm.live\/index.php\/wp-json\/wp\/v2\/types\/post"}],"author":[{"embeddable":true,"href":"https:\/\/orheifm.live\/index.php\/wp-json\/wp\/v2\/users\/1"}],"replies":[{"embeddable":true,"href":"https:\/\/orheifm.live\/index.php\/wp-json\/wp\/v2\/comments?post=69764"}],"version-history":[{"count":0,"href":"https:\/\/orheifm.live\/index.php\/wp-json\/wp\/v2\/posts\/69764\/revisions"}],"wp:featuredmedia":[{"embeddable":true,"href":"https:\/\/orheifm.live\/index.php\/wp-json\/wp\/v2\/media\/69765"}],"wp:attachment":[{"href":"https:\/\/orheifm.live\/index.php\/wp-json\/wp\/v2\/media?parent=69764"}],"wp:term":[{"taxonomy":"category","embeddable":true,"href":"https:\/\/orheifm.live\/index.php\/wp-json\/wp\/v2\/categories?post=69764"},{"taxonomy":"post_tag","embeddable":true,"href":"https:\/\/orheifm.live\/index.php\/wp-json\/wp\/v2\/tags?post=69764"}],"curies":[{"name":"wp","href":"https:\/\/api.w.org\/{rel}","templated":true}]}}