{"id":69762,"date":"2025-03-26T13:40:46","date_gmt":"2025-03-26T11:40:46","guid":{"rendered":"https:\/\/orheifm.live\/index.php\/2025\/03\/26\/incendii-devastatoare-in-coreea-de-sud-18-morti-si-pagube-masive\/"},"modified":"2025-03-26T13:40:46","modified_gmt":"2025-03-26T11:40:46","slug":"incendii-devastatoare-in-coreea-de-sud-18-morti-si-pagube-masive","status":"publish","type":"post","link":"https:\/\/orheifm.live\/index.php\/2025\/03\/26\/incendii-devastatoare-in-coreea-de-sud-18-morti-si-pagube-masive\/","title":{"rendered":"Incendii devastatoare \u00een Coreea de Sud: 18 mor\u021bi \u0219i pagube masive"},"content":{"rendered":"<div>\n<p><strong>Coreea de Sud a anun\u021bat miercuri c\u0103 18 persoane \u0219i-au pierdut via\u021ba \u00eentr-o serie de incendii de vegeta\u021bie care au provocat pagube majore. Fl\u0103c\u0103rile au izbucnit \u00een sud-estul \u021b\u0103rii \u0219i, din cauza v\u00e2ntului puternic \u0219i a vremii uscate, s-au extins rapid, distrug\u00e2nd mii de hectare \u0219i un templu budist antic.<\/strong><\/p>\n<p>Autorit\u0103\u021bile raporteaz\u0103 c\u0103, pe l\u00e2ng\u0103 victimele decedate, \u0219ase persoane sunt r\u0103nite grav, iar alte 13 au suferit r\u0103ni u\u0219oare. Pre\u0219edintele interimar Han Duck-soo a declarat c\u0103 incendiile au produs \u201epagube f\u0103r\u0103 precedent\u201d \u0219i c\u0103 situa\u021bia evolueaz\u0103 imprevizibil.<\/p>\n<p>Ca m\u0103sur\u0103 de urgen\u021b\u0103, guvernul sud-coreean a ridicat nivelul de alert\u0103 la maxim \u0219i a ordonat o mobilizare na\u021bional\u0103. Peste 6.700 de pompieri au fost trimi\u0219i \u00een teren, o mare parte dintre ace\u0219tia ac\u021bion\u00e2nd \u00een provincia Gyeongsang, unde incendiile sunt cele mai intense.<\/p>\n<\/div>\n","protected":false},"excerpt":{"rendered":"<div><img loading=\"lazy\" decoding=\"async\" width=\"696\" height=\"458\" src=\"https:\/\/canal5.md\/wp-content\/uploads\/2025\/03\/805491-optimized.webp\" class=\"attachment-large size-large wp-post-image\" alt=\"\" srcset=\"https:\/\/canal5.md\/wp-content\/uploads\/2025\/03\/805491-optimized.webp 760w, https:\/\/canal5.md\/wp-content\/uploads\/2025\/03\/805491-300x197-optimized.webp 300w, https:\/\/canal5.md\/wp-content\/uploads\/2025\/03\/805491-696x458-optimized.webp 696w\">Coreea de Sud a anun\u021bat miercuri c\u0103 18 persoane \u0219i-au pierdut via\u021ba \u00eentr-o serie de incendii de vegeta\u021bie care au provocat pagube majore. Fl\u0103c\u0103rile au izbucnit \u00een sud-estul \u021b\u0103rii \u0219i, din cauza v\u00e2ntului puternic \u0219i a vremii uscate, s-au extins rapid, distrug\u00e2nd mii de hectare \u0219i un templu budist antic. Autorit\u0103\u021bile raporteaz\u0103 c\u0103, pe l\u00e2ng\u0103 [\u2026]<\/div>\n","protected":false},"author":1,"featured_media":69763,"comment_status":"closed","ping_status":"closed","sticky":false,"template":"","format":"standard","meta":{"jnews-multi-image_gallery":[],"jnews_single_post":[],"jnews_primary_category":[],"jnews_social_meta":[],"jnews_override_counter":[],"footnotes":""},"categories":[29],"tags":[],"class_list":["post-69762","post","type-post","status-publish","format-standard","has-post-thumbnail","hentry","category-externe_ro"],"_links":{"self":[{"href":"https:\/\/orheifm.live\/index.php\/wp-json\/wp\/v2\/posts\/69762","targetHints":{"allow":["GET"]}}],"collection":[{"href":"https:\/\/orheifm.live\/index.php\/wp-json\/wp\/v2\/posts"}],"about":[{"href":"https:\/\/orheifm.live\/index.php\/wp-json\/wp\/v2\/types\/post"}],"author":[{"embeddable":true,"href":"https:\/\/orheifm.live\/index.php\/wp-json\/wp\/v2\/users\/1"}],"replies":[{"embeddable":true,"href":"https:\/\/orheifm.live\/index.php\/wp-json\/wp\/v2\/comments?post=69762"}],"version-history":[{"count":0,"href":"https:\/\/orheifm.live\/index.php\/wp-json\/wp\/v2\/posts\/69762\/revisions"}],"wp:featuredmedia":[{"embeddable":true,"href":"https:\/\/orheifm.live\/index.php\/wp-json\/wp\/v2\/media\/69763"}],"wp:attachment":[{"href":"https:\/\/orheifm.live\/index.php\/wp-json\/wp\/v2\/media?parent=69762"}],"wp:term":[{"taxonomy":"category","embeddable":true,"href":"https:\/\/orheifm.live\/index.php\/wp-json\/wp\/v2\/categories?post=69762"},{"taxonomy":"post_tag","embeddable":true,"href":"https:\/\/orheifm.live\/index.php\/wp-json\/wp\/v2\/tags?post=69762"}],"curies":[{"name":"wp","href":"https:\/\/api.w.org\/{rel}","templated":true}]}}