{"id":69758,"date":"2025-03-26T10:22:52","date_gmt":"2025-03-26T08:22:52","guid":{"rendered":"https:\/\/orheifm.live\/index.php\/2025\/03\/26\/aeroportul-chisinau-ar-putea-pierde-pasageri-din-cauza-reluarii-zborurilor-in-ucraina\/"},"modified":"2025-03-26T10:22:52","modified_gmt":"2025-03-26T08:22:52","slug":"aeroportul-chisinau-ar-putea-pierde-pasageri-din-cauza-reluarii-zborurilor-in-ucraina","status":"publish","type":"post","link":"https:\/\/orheifm.live\/index.php\/2025\/03\/26\/aeroportul-chisinau-ar-putea-pierde-pasageri-din-cauza-reluarii-zborurilor-in-ucraina\/","title":{"rendered":"Aeroportul Chi\u0219in\u0103u ar putea pierde pasageri din cauza relu\u0103rii zborurilor \u00een Ucraina"},"content":{"rendered":"<div>\n<p><strong>Aeroportul Interna\u021bional Chi\u0219in\u0103u ar putea \u00eenregistra o sc\u0103dere a num\u0103rului de pasageri, dup\u0103 ce compania Wizz Air a anun\u021bat c\u0103 este aproape de reluarea zborurilor comerciale \u00een Ucraina.<\/strong><\/p>\n<p>Potrivit directorului general al Wizz Air, J\u00f3zsef V\u00e1radi, compania se afl\u0103 \u00een negocieri avansate cu aeroporturile din Kiev \u0219i Liov \u0219i inten\u021bioneaz\u0103 s\u0103 redeschid\u0103 bazele opera\u021bionale, lans\u00e2nd aproximativ 100 de rute \u00een termen de \u0219ase luni de la redeschiderea spa\u021biului aerian. Estim\u0103rile companiei indic\u0103 un trafic anual de p\u00e2n\u0103 la 5 milioane de pasageri \u00een Ucraina, potrivit Bani.MD.<\/p>\n<p>\u00cen acest context, Chi\u0219in\u0103ul risc\u0103 s\u0103 piard\u0103 o parte din pasageri. Ministrul Infrastructurii, Vladimir Bolea, a declarat c\u0103 \u00een 2024 Aeroportul Interna\u021bional Chi\u0219in\u0103u a \u00eenregistrat un trafic total de 4,1 milioane de pasageri, cu o cre\u0219tere de 46% fa\u021b\u0103 de 2023, iar 18% dintre ace\u0219tia erau cet\u0103\u021beni ucraineni. Mul\u021bi dintre ace\u0219tia utilizau aeroportul din Chi\u0219in\u0103u ca punct de tranzit, din cauza lipsei zborurilor directe din Ucraina.<\/p>\n<\/div>\n","protected":false},"excerpt":{"rendered":"<div><img loading=\"lazy\" decoding=\"async\" width=\"696\" height=\"392\" src=\"https:\/\/canal5.md\/wp-content\/uploads\/2025\/03\/132f0ef87333de604b673428b0a8cd34fccb14be142d3e45920801e7588ddd83-1024x576-optimized.png\" class=\"attachment-large size-large wp-post-image\" alt=\"\" srcset=\"https:\/\/canal5.md\/wp-content\/uploads\/2025\/03\/132f0ef87333de604b673428b0a8cd34fccb14be142d3e45920801e7588ddd83-1024x576-optimized.png 1024w, https:\/\/canal5.md\/wp-content\/uploads\/2025\/03\/132f0ef87333de604b673428b0a8cd34fccb14be142d3e45920801e7588ddd83-300x169-optimized.png 300w, https:\/\/canal5.md\/wp-content\/uploads\/2025\/03\/132f0ef87333de604b673428b0a8cd34fccb14be142d3e45920801e7588ddd83-768x432-optimized.png 768w, https:\/\/canal5.md\/wp-content\/uploads\/2025\/03\/132f0ef87333de604b673428b0a8cd34fccb14be142d3e45920801e7588ddd83-696x392-optimized.png 696w, https:\/\/canal5.md\/wp-content\/uploads\/2025\/03\/132f0ef87333de604b673428b0a8cd34fccb14be142d3e45920801e7588ddd83-1068x601-optimized.png 1068w, https:\/\/canal5.md\/wp-content\/uploads\/2025\/03\/132f0ef87333de604b673428b0a8cd34fccb14be142d3e45920801e7588ddd83-optimized.png 1200w\">Aeroportul Interna\u021bional Chi\u0219in\u0103u ar putea \u00eenregistra o sc\u0103dere a num\u0103rului de pasageri, dup\u0103 ce compania Wizz Air a anun\u021bat c\u0103 este aproape de reluarea zborurilor comerciale \u00een Ucraina. Potrivit directorului general al Wizz Air, J\u00f3zsef V\u00e1radi, compania se afl\u0103 \u00een negocieri avansate cu aeroporturile din Kiev \u0219i Liov \u0219i inten\u021bioneaz\u0103 s\u0103 redeschid\u0103 bazele opera\u021bionale, lans\u00e2nd [\u2026]<\/div>\n","protected":false},"author":1,"featured_media":69759,"comment_status":"closed","ping_status":"closed","sticky":false,"template":"","format":"standard","meta":{"jnews-multi-image_gallery":[],"jnews_single_post":[],"jnews_primary_category":[],"jnews_social_meta":[],"jnews_override_counter":[],"footnotes":""},"categories":[30],"tags":[],"class_list":["post-69758","post","type-post","status-publish","format-standard","has-post-thumbnail","hentry","category-social_ro"],"_links":{"self":[{"href":"https:\/\/orheifm.live\/index.php\/wp-json\/wp\/v2\/posts\/69758","targetHints":{"allow":["GET"]}}],"collection":[{"href":"https:\/\/orheifm.live\/index.php\/wp-json\/wp\/v2\/posts"}],"about":[{"href":"https:\/\/orheifm.live\/index.php\/wp-json\/wp\/v2\/types\/post"}],"author":[{"embeddable":true,"href":"https:\/\/orheifm.live\/index.php\/wp-json\/wp\/v2\/users\/1"}],"replies":[{"embeddable":true,"href":"https:\/\/orheifm.live\/index.php\/wp-json\/wp\/v2\/comments?post=69758"}],"version-history":[{"count":0,"href":"https:\/\/orheifm.live\/index.php\/wp-json\/wp\/v2\/posts\/69758\/revisions"}],"wp:featuredmedia":[{"embeddable":true,"href":"https:\/\/orheifm.live\/index.php\/wp-json\/wp\/v2\/media\/69759"}],"wp:attachment":[{"href":"https:\/\/orheifm.live\/index.php\/wp-json\/wp\/v2\/media?parent=69758"}],"wp:term":[{"taxonomy":"category","embeddable":true,"href":"https:\/\/orheifm.live\/index.php\/wp-json\/wp\/v2\/categories?post=69758"},{"taxonomy":"post_tag","embeddable":true,"href":"https:\/\/orheifm.live\/index.php\/wp-json\/wp\/v2\/tags?post=69758"}],"curies":[{"name":"wp","href":"https:\/\/api.w.org\/{rel}","templated":true}]}}