{"id":69756,"date":"2025-03-26T09:55:19","date_gmt":"2025-03-26T07:55:19","guid":{"rendered":"https:\/\/orheifm.live\/index.php\/2025\/03\/26\/accident-mortal-in-singerei-un-adolescent-a-murit-doi-raniti\/"},"modified":"2025-03-26T09:55:19","modified_gmt":"2025-03-26T07:55:19","slug":"accident-mortal-in-singerei-un-adolescent-a-murit-doi-raniti","status":"publish","type":"post","link":"https:\/\/orheifm.live\/index.php\/2025\/03\/26\/accident-mortal-in-singerei-un-adolescent-a-murit-doi-raniti\/","title":{"rendered":"Accident mortal \u00een S\u00eengerei: un adolescent a murit, doi r\u0103ni\u021bi"},"content":{"rendered":"<div>\n<p><strong>Poli\u021bia Na\u021bional\u0103 confirm\u0103 accidentul tragic petrecut noaptea trecut\u0103 \u00een satul Dobrogea Veche, raionul S\u00eengerei, despre care a relatat PulsMedia.MD, conform unor surse.<\/strong><\/p>\n<p>Conform cercet\u0103rilor preliminare, un autoturism marca \u201eAudi\u201d, condus de un t\u00e2n\u0103r de 23 de ani, av\u00e2nd ca pasageri doi minori (o fat\u0103 de 16 ani \u0219i un b\u0103iat de 15 ani), s-a lovit violent de un copac dup\u0103 ce \u0219oferul a pierdut controlul vehiculului din cauza vitezei excesive. \u00cen urma accidentului, pasagerul a decedat pe loc, iar \u0219oferul \u0219i pasagera au fost transporta\u021bi la spital cu diverse traumatisme.<\/p>\n<p>Poli\u021bi\u0219tii au stabilit c\u0103 t\u00e2n\u0103rul nu de\u021bine permis de conducere. \u00cen acest caz a fost deschis\u0103 o cauz\u0103 penal\u0103 pentru a stabili toate circumstan\u021bele.<\/p>\n<\/div>\n","protected":false},"excerpt":{"rendered":"<div><img loading=\"lazy\" decoding=\"async\" width=\"696\" height=\"392\" src=\"https:\/\/canal5.md\/wp-content\/uploads\/2025\/03\/6cb37b2354f9f64aff9ceeece223d0aa3ae65a956af76ed0011a2c95a1f730ba-1024x576-optimized.jpg\" class=\"attachment-large size-large wp-post-image\" alt=\"\" srcset=\"https:\/\/canal5.md\/wp-content\/uploads\/2025\/03\/6cb37b2354f9f64aff9ceeece223d0aa3ae65a956af76ed0011a2c95a1f730ba-1024x576-optimized.jpg 1024w, https:\/\/canal5.md\/wp-content\/uploads\/2025\/03\/6cb37b2354f9f64aff9ceeece223d0aa3ae65a956af76ed0011a2c95a1f730ba-300x169-optimized.jpg 300w, https:\/\/canal5.md\/wp-content\/uploads\/2025\/03\/6cb37b2354f9f64aff9ceeece223d0aa3ae65a956af76ed0011a2c95a1f730ba-768x432-optimized.jpg 768w, https:\/\/canal5.md\/wp-content\/uploads\/2025\/03\/6cb37b2354f9f64aff9ceeece223d0aa3ae65a956af76ed0011a2c95a1f730ba-696x392-optimized.jpg 696w, https:\/\/canal5.md\/wp-content\/uploads\/2025\/03\/6cb37b2354f9f64aff9ceeece223d0aa3ae65a956af76ed0011a2c95a1f730ba-1068x601-optimized.jpg 1068w, https:\/\/canal5.md\/wp-content\/uploads\/2025\/03\/6cb37b2354f9f64aff9ceeece223d0aa3ae65a956af76ed0011a2c95a1f730ba-optimized.jpg 1200w\">Poli\u021bia Na\u021bional\u0103 confirm\u0103 accidentul tragic petrecut noaptea trecut\u0103 \u00een satul Dobrogea Veche, raionul S\u00eengerei, despre care a relatat PulsMedia.MD, conform unor surse. Conform cercet\u0103rilor preliminare, un autoturism marca \u201eAudi\u201d, condus de un t\u00e2n\u0103r de 23 de ani, av\u00e2nd ca pasageri doi minori (o fat\u0103 de 16 ani \u0219i un b\u0103iat de 15 ani), s-a lovit [\u2026]<\/div>\n","protected":false},"author":1,"featured_media":69757,"comment_status":"closed","ping_status":"closed","sticky":false,"template":"","format":"standard","meta":{"jnews-multi-image_gallery":[],"jnews_single_post":[],"jnews_primary_category":[],"jnews_social_meta":[],"jnews_override_counter":[],"footnotes":""},"categories":[30],"tags":[],"class_list":["post-69756","post","type-post","status-publish","format-standard","has-post-thumbnail","hentry","category-social_ro"],"_links":{"self":[{"href":"https:\/\/orheifm.live\/index.php\/wp-json\/wp\/v2\/posts\/69756","targetHints":{"allow":["GET"]}}],"collection":[{"href":"https:\/\/orheifm.live\/index.php\/wp-json\/wp\/v2\/posts"}],"about":[{"href":"https:\/\/orheifm.live\/index.php\/wp-json\/wp\/v2\/types\/post"}],"author":[{"embeddable":true,"href":"https:\/\/orheifm.live\/index.php\/wp-json\/wp\/v2\/users\/1"}],"replies":[{"embeddable":true,"href":"https:\/\/orheifm.live\/index.php\/wp-json\/wp\/v2\/comments?post=69756"}],"version-history":[{"count":0,"href":"https:\/\/orheifm.live\/index.php\/wp-json\/wp\/v2\/posts\/69756\/revisions"}],"wp:featuredmedia":[{"embeddable":true,"href":"https:\/\/orheifm.live\/index.php\/wp-json\/wp\/v2\/media\/69757"}],"wp:attachment":[{"href":"https:\/\/orheifm.live\/index.php\/wp-json\/wp\/v2\/media?parent=69756"}],"wp:term":[{"taxonomy":"category","embeddable":true,"href":"https:\/\/orheifm.live\/index.php\/wp-json\/wp\/v2\/categories?post=69756"},{"taxonomy":"post_tag","embeddable":true,"href":"https:\/\/orheifm.live\/index.php\/wp-json\/wp\/v2\/tags?post=69756"}],"curies":[{"name":"wp","href":"https:\/\/api.w.org\/{rel}","templated":true}]}}