{"id":69754,"date":"2025-03-25T21:31:07","date_gmt":"2025-03-25T19:31:07","guid":{"rendered":"https:\/\/orheifm.live\/index.php\/2025\/03\/25\/regimul-sandu-pas-a-mintit-din-nou-pensionarii-promisiuni-neonorate-si-majorari-de-pensii-de-doar-1-leu-si-92-de-bani-analiza-a-olga-dziatkovskaia-video\/"},"modified":"2025-03-25T21:31:07","modified_gmt":"2025-03-25T19:31:07","slug":"regimul-sandu-pas-a-mintit-din-nou-pensionarii-promisiuni-neonorate-si-majorari-de-pensii-de-doar-1-leu-si-92-de-bani-analiza-a-olga-dziatkovskaia-video","status":"publish","type":"post","link":"https:\/\/orheifm.live\/index.php\/2025\/03\/25\/regimul-sandu-pas-a-mintit-din-nou-pensionarii-promisiuni-neonorate-si-majorari-de-pensii-de-doar-1-leu-si-92-de-bani-analiza-a-olga-dziatkovskaia-video\/","title":{"rendered":"Regimul Sandu-PAS a min\u021bit din nou pensionarii: Promisiuni neonorate \u0219i major\u0103ri de pensii de doar 1 leu \u0219i 92 de bani. Analiza a Olga Dziatkovskaia |VIDEO"},"content":{"rendered":"<div>\n<p><strong>Puterea a promis, dar nu s-a \u021binut de cuv\u00e2nt, de\u0219i, p\u00e2n\u0103 aici, nimic nou. Nu este vorba despre salariile mini\u0219trilor de 50 de mii de lei. Regimul Sandu-PAS inten\u021bioneaz\u0103 s\u0103 majoreze pensia minim\u0103 doar cu 1 leu \u0219i 92 de bani. Banii economisi\u021bi vor fi direc\u021biona\u021bi spre mult l\u0103udata indexare de 10%. <\/strong><br \/>\n<iframe loading=\"lazy\" title=\"YouTube video player\" src=\"https:\/\/www.youtube.com\/embed\/2loT32LlBmM?si=KFbGQZgRwDfRukrh\" width=\"560\" height=\"315\" frameborder=\"0\" allowfullscreen=\"allowfullscreen\"><\/iframe><br \/>\nDac\u0103 nu se g\u0103sesc fonduri, \u0219i despre indexare se va putea uita. Despre cum regimul aflat la putere a \u00een\u0219elat \u0219i jignit din nou pensionarii \u0219i de ce mai departe va fi doar mai r\u0103u, afla\u021bi \u00een comentariul colegei noastre Olga Dziatkovskaia.<\/p>\n<p>S-ar p\u0103rea c\u0103 regimul Sandu-PAS nu mai poate umili \u0219i jigni pensionarii moldoveni \u00eentr-un mod mai degradant, dar iat\u0103 c\u0103 se poate. Guvernul PAS condus de Recean pl\u0103nuie\u0219te s\u0103 aprobe un proiect pentru majorarea pensiei minime cu 1 leu \u0219i 92 de bani, nici m\u0103car 2 lei. Asta cu toate c\u0103 pre\u0219edinta Maia Sandu, \u00eenc\u0103 din februarie, a promis triumf\u0103tor c\u0103 pensionarii cu stagiu complet de munc\u0103 de 40 de ani \u0219i mai mult vor primi o pensie minim\u0103 garantat\u0103 de 3.300 de lei, iar celelalte pensii vor fi indexate cu 10% \u00eencep\u00e2nd cu 1 aprilie.<\/p>\n<p>Acum, aceast\u0103 promisiune pare mai mult o glum\u0103 de 1 aprilie. O glum\u0103 crud\u0103.<br \/>\nTotul este simplu p\u00e2n\u0103 la banala ironie \u2013 \u00een buget nu sunt bani pentru cet\u0103\u021beni, dar pentru mini\u0219tri \u0219i diferi\u021bi func\u021bionari fonduri exist\u0103. Cineva de\u0219tept de la Ministerul Finan\u021belor \u0219i Ministerul Muncii a decis c\u0103, pentru a g\u0103si banii necesari index\u0103rii pensiilor cu 10%, trebuie economisit la majorarea pensiei minime.<\/p>\n<p>Pe la toate col\u021burile au f\u0103cut promisiuni \u2013 e clar de ce, alegerile parlamentare sunt tot mai aproape. Mai ales c\u0103 unui asemenea guvern nu-i cost\u0103 aproape nimic s\u0103 numeasc\u0103 o majorare \u201emajorare\u201d atunci c\u00e2nd este vorba de mai pu\u021bin de doi lei. Totu\u0219i, e o majorare, nu o reducere de 2 lei. Desigur, mai bine nimic dec\u00e2t o a\u0219a b\u0103taie de joc.<\/p>\n<p>Ne uit\u0103m la proiectul de hot\u0103r\u00e2re \u0219i ce vedem \u2013 \u00een primul r\u00e2nd, guvernul nume\u0219te cu seriozitate cre\u0219terea de 1 leu \u0219i 92 de bani drept majorare.<\/p>\n<p>Aceasta este de 25 de ori mai mic\u0103 dec\u00e2t suma de 48 de lei, care fusese aprobat\u0103 ini\u021bial \u00een bugetul pe 2025 de majoritatea parlamentar\u0103 PAS. Continu\u0103m s\u0103 analiz\u0103m.<\/p>\n<p>\u00cen al doilea r\u00e2nd, \u00een nota explicativ\u0103 se men\u021bioneaz\u0103 clar formula de calcul: 50% din ritmul de cre\u0219tere al PIB-ului, adic\u0103 al economiei. Dar ce fel de economie avem? \u00cen 2024, cre\u0219terea economic\u0103 \u00een Moldova a fost doar de 0,1%. Fostul ministru al economiei, Alaiba, s-a retras din func\u021bie la timp.<\/p>\n<p>Astfel, guvernul a decis s\u0103 lege aceast\u0103 cre\u0219tere economic\u0103 nu de pensia minim\u0103, ci de pensia medie de 3.835 lei \u0219i 86 de bani. \u0218i astfel, s-a ajuns la concluzia c\u0103 majorarea va fi de 1 leu \u0219i 92 de bani.<br \/>\nMai mult, regimul Sandu-PAS, \u00een loc s\u0103 aplice majorarea de 48 de lei a pensiilor, a\u0219a cum era prev\u0103zut ini\u021bial \u00een bugetul pe 2025, va economisi 271 de milioane de lei. Acesta este rezultatul \u201earitmeticii antisociale\u201d a guvernului.<\/p>\n<p>Se economise\u0219te pe cei mai s\u0103raci. \u00centr- un comentariu pentru canalul nostru de televiziune, fostul ministru al economiei, Octavian Calm\u00eec, a subliniat c\u0103 o astfel de \u201emajorare\u201d este ridicol\u0103, iar modific\u0103rile legislative f\u0103cute de guvernul PAS \u00een 2021 sunt cele care au condus la aceast\u0103 situa\u021bie.<\/p>\n<p>OCTAVIAN CALM\u00ceC, fost ministru al Economiei<\/p>\n<p>Articolul 13 din lege prevede cre\u0219terea pensiilor \u0219i le leag\u0103 de cre\u0219terea economiei. Aceste modific\u0103ri au fost introduse \u00een 2021 de actualul parlament.<\/p>\n<p>Cre\u0219terea economiei este de 0,1%, astfel \u00eenc\u00e2t propunerea este de a m\u0103ri pensiile cu aproximativ 2 lei.<\/p>\n<p>Normal, normele stabilite nu se potrivesc realit\u0103\u021bilor. A lega cre\u0219terea pensiilor de cre\u0219terea economiei este gre\u0219it, ar trebui legat de veniturile popula\u021biei \u0219i de cre\u0219terea pre\u021burilor la bunuri \u0219i servicii esen\u021biale.<\/p>\n<p>Nu exist\u0103 niciun indiciu de cre\u0219tere economic\u0103 \u00een acest an sau anul viitor. A\u0219adar, pensionarii pot uita de major\u0103ri semnificative ale pensiilor legate de PIB pentru urm\u0103torii ani.<\/p>\n<p>Problema e c\u0103 pasi\u0219tii nu stau bine nici la capitolul indexare. Potrivit economistului Calm\u00eec, guvernul \u00eencalc\u0103 sistematic Legea pensiilor.<\/p>\n<p>OCTAVIAN CALM\u00ceC, fost ministru al Economiei<\/p>\n<p>Din p\u0103cate, \u00een ultimii ani, ritmul cre\u0219terii sau index\u0103rii pensiilor nu a fost respectat, deoarece \u00een 2022 am avut o infla\u021bie prea mare, de peste 30%, iar resursele bugetare au fost limitate.<\/p>\n<p>Atunci, indexarea pensiilor s-a f\u0103cut doar cu 15%.<\/p>\n<p>Dac\u0103 lu\u0103m \u00een considerare indexarea total\u0103 din ultimii patru ani, guvernul aproape c\u0103 nu a \u00eendeplinit obliga\u021biile fa\u021b\u0103 de pensionari conform legii.<\/p>\n<p>Pensia ar trebui s\u0103 fie cel pu\u021bin 5.000 de lei pentru a asigura un nivel de trai decent \u0219i plata utilit\u0103\u021bilor.<\/p>\n<p>Bani \u00een buget nu sunt nici pentru compensa\u021bia pensiilor promis\u0103 de guvern de 10%. Asta \u00eenseamn\u0103 c\u0103 regimul PAS va trebui s\u0103 ne pun\u0103 pe cap ni\u0219te \u00eemprumuturi, spune Octavian Calm\u00eec, av\u00e2nd \u00een vedere c\u0103, costurile vor fi suportate de to\u021bi cet\u0103\u021benii.<\/p>\n<p>OCTAVIAN CALM\u00ceC, fost ministru al Economiei<\/p>\n<p>Volumul total al acestor cheltuieli pentru buget este de 1,5 miliarde de lei. Aceste 1,5 miliarde de lei nu sunt acoperite acum \u2013 nici de fondul social, nici de guvern. Evident, vor ap\u0103rea deficite \u00een bugetul de stat, iar acestea vor fi acoperite fie din resurse interne, t\u0103ind din anumite programe de investi\u021bii sau infrastructur\u0103, fie prin ne\u00eendeplinirea unor sarcini pentru economisirea de fonduri. Sau prin atragerea de fonduri suplimentare din str\u0103in\u0103tate sau de pe pia\u021ba intern\u0103.<\/p>\n<p>Doar \u00een 2024, adic\u0103 \u00eentr-un singur an, cre\u0219terea tarifelor la resursele energetice a fost de 35%. Programul mult l\u0103udat de sprijin al popula\u021biei, sub form\u0103 de pl\u0103\u021bi compensatorii din partea guvernului, subliniaz\u0103 Octavian Calm\u00eec, este evident insuficient.<br \/>\nDac\u0103 \u00een 2023 acest fond era de peste 5,5 miliarde de lei, \u00een 2025 va fi doar de 1,2 miliarde de lei, ceea ce va duce inevitabil la s\u0103r\u0103cirea popula\u021biei. Astfel, nivelul s\u0103r\u0103ciei absolute \u00een Moldova a dep\u0103\u0219it deja pragul de 40%.<\/p>\n<p>Economi\u0219tii mai noteaz\u0103 c\u0103 autorit\u0103\u021bile pur \u0219i simplu au ignorat economia \u00een general. Nu sus\u021bin \u0219i nu extind infrastructura. Iar acest lucru este direct legat de perspectivele de sprijin al popula\u021biei. \u00cen aceste condi\u021bii, vor suferi pensionarii, func\u021bionarii publici, persoanele care a\u0219teapt\u0103 compensarea pe baza contoarelor \u0219i \u00eentreaga economie na\u021bional\u0103, \u00een special agricultura, care nu prime\u0219te suficiente resurse financiare, cel pu\u021bin la nivelul anilor anteriori.<\/p>\n<p>Este un drum f\u0103r\u0103 ie\u0219ire \u2013 \u00een sensul cel mai propriu al cuv\u00e2ntului.<br \/>\nC\u00e2nd lucrurile din \u021bar\u0103, sub conducerea regimului Sandu-PAS, merg din ce \u00een ce mai prost, ce face guvernul? Corect \u2013 se laud\u0103 singur \u0219i acuz\u0103 to\u021bi criticii de dezinformare. De exemplu, pre\u0219edintele comisiei parlamentare Comisiei economie, buget \u0219i finan\u021be, Radu<\/p>\n<p>Marian, consider\u0103 c\u0103 totul merge bine \u00een Moldova, iar cre\u0219terea economic\u0103 de 0,1% este un rezultat excelent. \u0218i, \u00een general, totul cre\u0219te \u2013 \u0219i economia, \u0219i salariile, \u0219i pensiile, nu sim\u021bi\u021bi?<\/p>\n<p>RADU MARIAN, deputat PAS<\/p>\n<p>Exist\u0103 trei indicatori economici importan\u021bi pe care \u00eei furnizeaz\u0103 Biroul Na\u021bional de Statistic\u0103. Economia \u00eenseamn\u0103 veniturile cet\u0103\u021benilor. \u00cen ciuda \u0219antajului energetic \u0219i a r\u0103zboiului de la grani\u021b\u0103, salariile \u0219i pensiile continu\u0103 s\u0103 creasc\u0103.<\/p>\n<p>Ritmul cre\u0219terii veniturilor popula\u021biei, \u00een multe cazuri, dep\u0103\u0219e\u0219te nivelul infla\u021biei totale din perioada 2021-2025, care a fost de 63%.<\/p>\n<p>Moldova are cel mai mare salariu minim din spa\u021biul post-sovietic, comparativ chiar \u0219i cu Rusia \u0219i multe alte \u021b\u0103ri din regiune. Pensia minim\u0103 a crescut cu 160%. Pensia medie s-a dublat.<\/p>\n<p>DORIN RECEAN, prim-ministru<\/p>\n<p>\u00cen cei patru ani de activitate ai actualei guvern\u0103ri, pensia minim\u0103 a crescut de la 1.188 lei la 3.055 lei. Aceasta este o cre\u0219tere f\u0103r\u0103 precedent. \u0218tim c\u0103 \u00eenc\u0103 nu este suficient. Dar vreau s\u0103 subliniez c\u00e2t de mult face guvernul pentru a ajuta pensionarii Moldovei s\u0103 \u00eembun\u0103t\u0103\u021beasc\u0103 nivelul lor de trai, a declarat premierul Dorin Recean.<\/p>\n<p>Iar voi spune\u021bi c\u0103 tr\u0103i\u021bi r\u0103u, dragi pensionari. Nu v\u0103 face\u021bi griji, o s\u0103 supravie\u021bui\u021bi. P\u00e2n\u0103 acum nu asta a\u021bi f\u0103cut? Recean \u0219i Marian consider\u0103 c\u0103 totul este \u00een regul\u0103 cu voi \u0219i c\u0103 v\u0103 descurca\u021bi excelent cu o cre\u0219tere de 40% a tarifului pentru \u00eenc\u0103lzire, cu o cre\u0219tere de 75% a tarifului pentru electricitate \u0219i cu o majorare de 300% pentru gaz.<\/p>\n<p>A, c\u0103 s\u0103r\u0103cia a crescut cu 40%? E, l\u0103sa\u021bi, uita\u021bi ce tare au crescut salariile \u0219i pensiile. Marian zice c\u0103 au crescut chiar cu 160%. \u0218i nu conteaz\u0103 ce se \u00eent\u00e2mpl\u0103 de fapt cu a\u0219a-zisa majorare, care \u00eenc\u0103 nu a avut loc efectiv, ci doar se promite, aceasta este de 3 mii 055 de lei. Iar voi vorbi\u021bi despre s\u0103r\u0103cie.<\/p>\n<p>\u00cenceta\u021bi, SANDU-PAS sunt s\u0103tui de pl\u00e2ngerile voastre.<\/p>\n<p>ALEXSANDRU CAMERAMAN<\/p>\n<p>Majorarea pensiei cu 2 lei, dar nici nu cu 2 lei. Ce facem cu 2 lei? Crede\u021bi c\u0103 \u00eemi vor ajunge? Nu \u00eemi vor ajunge.<\/p>\n<p>Asculta\u021bi, eu \u00eemi cheltuiesc \u00eentreaga pensie doar pe \u00eenc\u0103lzire \u0219i pe toate celelalte utilit\u0103\u021bi.<\/p>\n<p>Ei bine, asta e, au ad\u0103ugat asta \u00eenainte de alegeri, ei \u00een\u0219el\u0103 pensionarii \u00een fiecare an, a\u0219a c\u0103 este greu de crezut, foarte greu. 06.04<\/p>\n<p>Dac\u0103 a\u021bi avea ocazia s\u0103 le spune\u021bi ceva domnilor Recean \u0219i Buz\u0103, mini\u0219tri, ce le-a\u021bi spune?<\/p>\n<p>\u2013 S\u0103 dizolve \u00eentregul guvern, s\u0103 lase doar doi mini\u0219tri, ministrul s\u0103n\u0103t\u0103\u021bii, \u00een primul r\u00e2nd, aceast\u0103 Nemerenko trebuie s\u0103 fie dat\u0103 afar\u0103, \u00een primul r\u00e2nd. 06.23<\/p>\n<p>Ce pute\u021bi cump\u0103ra cu 2 lei?<\/p>\n<p>\u2013 Nimic. M-am dus \u0219i am cump\u0103rat un buc\u0103\u021bel de c\u00e2rna\u021bi \u0219i a trebuit s\u0103 pl\u0103tesc 40 \u0219i ceva de lei. Dac\u0103 m\u0103 crede\u021bi. Un buc\u0103\u021bel de c\u00e2rna\u021bi.<\/p>\n<p>\u2013 Un buc\u0103\u021bel de c\u00e2rna\u021bi? Da. \u0218i restul de unde? Am lucrat 50 de ani, chiar 52. \u0218i am pensia de 400 de lei.<\/p>\n<p>Ce v\u0103 pute\u021bi permite cu ace\u0219ti bani?<\/p>\n<p>\u2013 Nimic. Cum tr\u0103i\u021bi?<\/p>\n<p>\u2013 A\u0219a tr\u0103iesc. Uneori vine fiica, pentru c\u0103 \u0219i ea are greut\u0103\u021bi, este bolnav\u0103. \u0218i a\u0219a tr\u0103iesc. Am luat un buc\u0103\u021bel, \u0219i acest buc\u0103\u021bel trebuie s\u0103-l \u00eempart \u00een c\u00e2teva zile.<\/p>\n<p>Desigur, se fac de r\u00e2s, s\u0103 tr\u0103iasc\u0103 ei cu pensia asta, \u0219i s\u0103 aib\u0103 \u0219i ace\u0219ti ani de munc\u0103, s\u0103 fi muncit \u00een trei schimburi.<\/p>\n<p>Mi se pare c\u0103 ar trebui s\u0103 le fie ru\u0219ine.\u201d \u201eS\u0103 \u00eenve\u021be bine istoria \u0219i s\u0103 ajung\u0103 s\u0103 tr\u0103iasc\u0103 dintr-o pensie ca a noastr\u0103.<\/p>\n<p>Aceast\u0103 s\u0103rman\u0103 femeie, \u00een timpul \u00eent\u00e2lnirii cu reprezentan\u021bii guvernului PAS, pl\u00e2nge cu adev\u0103rat din cauza vie\u021bii grele, \u00een\u021beleg\u00e2nd mult mai bine dec\u00e2t pasivi\u0219tii unde duce aceast\u0103 guvernare Moldova. Este un strig\u0103t al sufletului. C\u00e2nd cineva strig\u0103 a\u0219a, este clar c\u0103 nu mai are nimic de pierdut.<\/p>\n<p>De ce ni s-au dus copiii de cas\u0103, am r\u0103mas singur\u0103, f\u0103r\u0103 ajutor. De ce se \u00eent\u00e2mpl\u0103 asta? Nu avem oameni inteligen\u021bi \u00een Moldova? Ce, avem nevoie de la Rom\u00e2nia, de la ru\u0219i sau de la al\u021bii? Trebuie s\u0103 tr\u0103im cu ai no\u0219tri. Ai no\u0219tri sunt foarte inteligen\u021bi. \u00cen Moldova sunt oameni pe care \u00eei po\u021bi g\u0103si rapid.<\/p>\n<p>Te ui\u021bi la el, vorbe\u0219ti cu el \u0219i \u00ee\u021bi dai seama c\u0103 este un om de\u0219tept. De ce a\u021bi adus \u201ecopiii soarelui\u201d \u00een acel parlament, scuze pentru exprimare? Ei sunt cu adev\u0103rat ca \u0219i \u201ecopiii soarelui\u201d \u2013 stau \u0219i r\u00e2d, ca \u0219i cum i-a\u021bi adus din Costiuj\u0103ni. Scuza\u021bi-m\u0103, dar noi deja nu mai putem.<\/p>\n<p>\u0218i acum, pentru a clarifica lucrurile \u0219i a nu l\u0103sa loc de \u00eendoieli despre cine se afl\u0103 la putere ast\u0103zi \u0219i ce p\u0103rere au despre cet\u0103\u021benii \u021b\u0103rii, deputata Veronica Briciag nu face nicio confuzie.<\/p>\n<p>Este foarte bine s\u0103 faci parte din echipa PAS. Scaneaz\u0103 codul QR \u0219i vei fi \u00een echipa Pas<\/p>\n<p>\u0218i, \u00een \u00eencheiere, doar 15 lei \u2013 at\u00e2t inten\u021bioneaz\u0103 guvernul Recean s\u0103 aloce pentru medicamentele pensionarilor care locuiesc \u00een aziluri. Proiectul a fost deja preg\u0103tit. De asemenea, se precizeaz\u0103 c\u0103 \u00een centrele de zi pentru v\u00e2rstnicii care au nevoie de \u00eengrijire suplimentar\u0103, suma alocat\u0103 pentru medicamente va fi de cinci ori mai mic\u0103 \u2013 doar 3 lei \u0219i 20 de bani.<\/p>\n<p>Dar, conform logicii guvernului, aceasta nu este chiar at\u00e2t de r\u0103u, av\u00e2nd \u00een vedere majorarea pensiei de 1 leu \u0219i 92 de bani. A\u0219a \u0219i tr\u0103im: din bine \u00een mai bine. Ei tr\u0103iesc \u00een vile luxoase, au milioane \u00een conturi, ma\u0219ini, apartamente, terenuri \u0219i beneficiaz\u0103 de privilegii de serviciu. De unde ar putea \u00een\u021belege ei un pensionar s\u0103rac?<\/p>\n<\/div>\n","protected":false},"excerpt":{"rendered":"<div><img loading=\"lazy\" decoding=\"async\" width=\"604\" height=\"339\" src=\"https:\/\/canal5.md\/wp-content\/uploads\/2025\/03\/sqab7kirorc-optimized.jpg\" class=\"attachment-large size-large wp-post-image\" alt=\"\" srcset=\"https:\/\/canal5.md\/wp-content\/uploads\/2025\/03\/sqab7kirorc-optimized.jpg 604w, https:\/\/canal5.md\/wp-content\/uploads\/2025\/03\/sqab7kirorc-300x168-optimized.jpg 300w\">Puterea a promis, dar nu s-a \u021binut de cuv\u00e2nt, de\u0219i, p\u00e2n\u0103 aici, nimic nou. Nu este vorba despre salariile mini\u0219trilor de 50 de mii de lei. Regimul Sandu-PAS inten\u021bioneaz\u0103 s\u0103 majoreze pensia minim\u0103 doar cu 1 leu \u0219i 92 de bani. Banii economisi\u021bi vor fi direc\u021biona\u021bi spre mult l\u0103udata indexare de 10%. Dac\u0103 nu se [\u2026]<\/div>\n","protected":false},"author":1,"featured_media":69755,"comment_status":"closed","ping_status":"closed","sticky":false,"template":"","format":"standard","meta":{"jnews-multi-image_gallery":[],"jnews_single_post":[],"jnews_primary_category":[],"jnews_social_meta":[],"jnews_override_counter":[],"footnotes":""},"categories":[23],"tags":[],"class_list":["post-69754","post","type-post","status-publish","format-standard","has-post-thumbnail","hentry","category-politica_ro"],"_links":{"self":[{"href":"https:\/\/orheifm.live\/index.php\/wp-json\/wp\/v2\/posts\/69754","targetHints":{"allow":["GET"]}}],"collection":[{"href":"https:\/\/orheifm.live\/index.php\/wp-json\/wp\/v2\/posts"}],"about":[{"href":"https:\/\/orheifm.live\/index.php\/wp-json\/wp\/v2\/types\/post"}],"author":[{"embeddable":true,"href":"https:\/\/orheifm.live\/index.php\/wp-json\/wp\/v2\/users\/1"}],"replies":[{"embeddable":true,"href":"https:\/\/orheifm.live\/index.php\/wp-json\/wp\/v2\/comments?post=69754"}],"version-history":[{"count":0,"href":"https:\/\/orheifm.live\/index.php\/wp-json\/wp\/v2\/posts\/69754\/revisions"}],"wp:featuredmedia":[{"embeddable":true,"href":"https:\/\/orheifm.live\/index.php\/wp-json\/wp\/v2\/media\/69755"}],"wp:attachment":[{"href":"https:\/\/orheifm.live\/index.php\/wp-json\/wp\/v2\/media?parent=69754"}],"wp:term":[{"taxonomy":"category","embeddable":true,"href":"https:\/\/orheifm.live\/index.php\/wp-json\/wp\/v2\/categories?post=69754"},{"taxonomy":"post_tag","embeddable":true,"href":"https:\/\/orheifm.live\/index.php\/wp-json\/wp\/v2\/tags?post=69754"}],"curies":[{"name":"wp","href":"https:\/\/api.w.org\/{rel}","templated":true}]}}