{"id":69752,"date":"2025-03-25T21:28:40","date_gmt":"2025-03-25T19:28:40","guid":{"rendered":"https:\/\/orheifm.live\/index.php\/2025\/03\/25\/vlad-biletchi-acuza-guvernarea-pas-de-distrugerea-aeroportului-chisinau-l-au-transformat-intr-o-vaca-de-muls-video\/"},"modified":"2025-03-25T21:28:40","modified_gmt":"2025-03-25T19:28:40","slug":"vlad-biletchi-acuza-guvernarea-pas-de-distrugerea-aeroportului-chisinau-l-au-transformat-intr-o-vaca-de-muls-video","status":"publish","type":"post","link":"https:\/\/orheifm.live\/index.php\/2025\/03\/25\/vlad-biletchi-acuza-guvernarea-pas-de-distrugerea-aeroportului-chisinau-l-au-transformat-intr-o-vaca-de-muls-video\/","title":{"rendered":"Vlad Bile\u021bchi acuz\u0103 guvernarea PAS de distrugerea Aeroportului Chi\u0219in\u0103u: l-au transformat \u00eentr-o \u201evac\u0103 de muls\u201d |VIDEO"},"content":{"rendered":"<div>\n<p><strong>Aeroportul Chi\u0219in\u0103u a devenit o \u201evac\u0103 de muls\u201d pentru guvernarea PAS, care, \u00een loc s\u0103 dezvolte obiectivul, \u00eel distruge. O spune pre\u0219edintele Unirea ODIP, Vlad Bile\u021bchi, cu referire la transform\u0103rile \u0219ocante la care a fost supus\u0103 aerogara, de c\u00e2nd a fost preluat\u0103 de stat.<\/strong><br \/>\n<iframe loading=\"lazy\" title=\"YouTube video player\" src=\"https:\/\/www.youtube.com\/embed\/9Jzgn3DqHJQ?si=qaJ42gSC01hyY4se\" width=\"560\" height=\"315\" frameborder=\"0\" allowfullscreen=\"allowfullscreen\"><\/iframe><br \/>\nMai exact, Bile\u021bchi a men\u021bionat spa\u021biile devenite incomode pasagerilor, pre\u021burile exagerate pentru produsele v\u00e2ndute \u00een interior \u0219i, mai nou, fumuarul de deasupra unei centrale pe gaz, amenajat f\u0103r\u0103 autoriza\u021biile necesare \u0219i care este un adev\u0103rat pericol. Activistul mai sus\u021bine c\u0103 Aeroportul a devenit un fel de bordel pentru exponen\u021bii PAS, care \u00ee\u0219i angajeaz\u0103 acolo amantele, rudele \u0219i prietenii.<\/p>\n<p>\u00centr-o interven\u021bie la Canal 5, pre\u0219edintele Unirea ODIP, Vlad Bile\u021bchi, a declarat c\u0103, de c\u00e2nd a preluat Aeroportul, puterea galben\u0103 \u00eel stoarce la maxim din toate p\u0103r\u021bile, exploat\u00e2ndu-l numai \u00een interes personal. Bile\u021bchi a f\u0103cut referire \u0219a pre\u021burile produselor ridicate semnificativ \u0219i la calitatea serviciilor \u2013 cu mult mai slabe dec\u00e2t \u00eenainte.<\/p>\n<p>VLAD BILE\u021aCHI pre\u0219edinte, Unirea ODIP<\/p>\n<p>Aeroportul este o vac\u0103 de muls pentru ei. Am s\u0103 v\u0103 dau exemplu \u00een ceea ce prive\u0219te restaurantele, ei v\u00e2nd de dou\u0103 ori mai scump orice produs care exist\u0103 la ora actual\u0103. P\u00e2n\u0103 acum a avut cafea la 600 de lei kg, mai nou de c\u00e2nd aceste spa\u021bii au fost luate de c\u0103tre Spoial\u0103 \u0219i Cojuhari de la guvernarea PAS, cafeaua s-a ieftinit de dou\u0103 ori, m\u0103 refer la sine-cost sau costul de produc\u021bie, dar pre\u021bul a r\u0103mas acela\u0219i.<\/p>\n<p>Practic oamenii sunt jupui\u021bi pe loc drept, confortul a sc\u0103zut, nu mai sunt scaune, sunt ni\u0219te mese ieftine f\u0103r\u0103 scaune, calitatea a sc\u0103zut foarte mult, \u00een loc de vesel\u0103 normal\u0103 avem vesel\u0103 de unic\u0103 folosin\u021b\u0103 din plastic care \u00een mod normal trebuie s\u0103 fie scoas\u0103 din folosin\u021b\u0103, din uz.<\/p>\n<p>De altfel, internetul este plin cu pl\u00e2ngerile oamenilor privind pre\u021burile mari \u0219i calitatea proast\u0103 a serviciilor.\u00a0 \u201dSper c\u0103 pre\u021burile sunt pentru to\u021bi, nu numai pentrui boga\u021bi\u201d, \u201dSper\u0103m ca pre\u021burile s\u0103 fie mai accesibile\u201d, \u201dExist\u0103 aeroporturi cu pre\u021buri adecvate.<\/p>\n<p>Zbor des din Londra, unde pre\u021burile sunt foarte bune\u201d, \u201d\u00cen Irlanda, o sticl\u0103 de ap\u0103 cost\u0103 1 euro \u0219i o cafea la fel, numai la noi e triplui\u201d, \u201dPl\u0103cinta \u00een aeroport nu cost\u0103 plusvaloarea comerciantului\u201d, \u201dMai sunt aeroporturi \u00een lumea asta, dar au pre\u021buri pentru toate categoriile de pasageri\u201d au scris unii internau\u021bi, privind produsele scumpite peste noapte. Oamenii s-au referit \u0219i la dispari\u021bia mobilierului comod. \u201dA\u0219tept\u0103m s\u0103 pune\u021bi fotoliile \u0219i mobila la loc.<\/p>\n<p>Ce fac mamele cu copii mici? Stau \u00een picioare \u0219i-i hr\u0103nesc?\u201d, \u201dSala seam\u0103n\u0103 cu o ber\u0103rie din URSS\u201d, \u201dAvem zbor cur\u00e2nd cu toat\u0103 familia, cu copii mici \u0219i nu-mi imaginez cum s\u0103 a\u0219tep\u021bi c\u00e2teva ore \u00een picioare. Era superb \u00eenainte\u201d, \u201dDatorit\u0103 lui \u0218or, avem aeroportul cum era p\u00e2n\u0103 la preluarea lui de c\u0103tre stat. Acum asist\u0103m la procesul invers. Repara\u021bia nu este ve\u0219nic\u0103 \u00een aeroport, vom vedea la ce se va ajunge\u201d,\u00a0 se pl\u00e2ng pasagerii pe condi\u021biile proaste.<\/p>\n<p>\u00cen ce prive\u0219te fumuarul construit deasupra unei centrale pe gaz, Vlad Bile\u021bchi declar\u0103 c\u0103 administra\u021bia actual\u0103 Aeroportului a utilizat o expertiz\u0103 veche, ob\u021binut\u0103 \u00eenc\u0103 \u00een 2019 de fosta conducere. \u00cen plus, proiectul a fost utilizat pentru a mai fi sp\u0103la\u021bi bani din buget, declar\u0103 activistul.<\/p>\n<p>VLAD BILE\u021aCHI pre\u0219edinte, Unirea ODIP<\/p>\n<p>Culmea este faptul c\u0103 acest fumuar este construit din anul 2024, dar \u00een anul 2025 au prev\u0103zut bani \u00een buget pentru aceast\u0103 chestiune, m\u0103 \u00eentreb cum po\u021bi s\u0103 prevezi bani de dou\u0103 ori pentru acest lucru.<\/p>\n<p>Cineva trebuie s\u0103 poarte r\u0103spundere pentru faptul c\u0103 s-a f\u0103cut o lucrare neautorizat\u0103 care va aduce pierderi \u0219i care aduce pericol pasagerilor din RM. Vedem la ora actual\u0103 o lini\u0219te din nou asurzitoare, nu se \u00eent\u00e2mpl\u0103 nimic, ei \u00eencearc\u0103 s\u0103 treac\u0103 cu t\u0103cerea, poate nu o s\u0103 observe lumea.<\/p>\n<p>Bile\u021bchi afirm\u0103 c\u0103 cineva trebuie s\u0103 r\u0103spund\u0103 pentru faptul c\u0103 s-a realizat o lucrare neautorizat\u0103, care nu doar c\u0103 va aduce pierderi, dar \u0219i pericole pentru pasageri.<\/p>\n<p>VLAD BILE\u021aCHI pre\u0219edinte, Unirea ODIP<\/p>\n<p>Noi am sesizat prim\u0103ria, prim\u0103ria a refuzat s\u0103 le elibereze acte, am sesizat \u0219i Inspectoratul Na\u021bional pentru Supraveghere Tehnic\u0103, o s\u0103 mergem \u0219i la Procuratur\u0103, la CNA, pentru ca cei care cheltuie banii statului nerespect\u00e2nd legea, provoc\u00e2nd pagube, pun\u00e2nd \u00een pericol vie\u021bile oamenilor s\u0103 fie tra\u0219i la r\u0103spundere.<\/p>\n<p>De asemenea, liderul Unirea ODIP sus\u021bine c\u0103 Aeroportul a devenit un loc unde cei din conducere \u00ee\u0219i angajeaz\u0103 apropia\u021bii pentru a beneficia de favoruri, transform\u00e2ndu-l \u00eentr-un \u201ebordel\u201d unde nici nu miroase a competen\u021b\u0103.<\/p>\n<p>VLAD BILE\u021aCHI pre\u0219edinte, Unirea ODIP<\/p>\n<p>\u0218i-au angajat toate rudele, amantele, veri\u0219orii, fra\u021bii, colegii de \u0219coal\u0103, de facultate, am publicat aceast\u0103 caracati\u021b\u0103 care demonstreaz\u0103 leg\u0103turile lor de rudenie. Au dat afar\u0103 oamenii competen\u021bi cu experien\u021b\u0103, de exemplu, la audit, erau dou\u0103 femei, dou\u0103 mame cu copii mici, mame solidare care cre\u0219teau singure copiii, cu experien\u021b\u0103 de zeci de ani de zile \u00een auditul aeroportului, au fost eliberate ca s\u0103 fac\u0103 loc unei dansatoare \u0219i unei jurnaliste care treab\u0103 nu au cu auditul, ci pur \u0219i simplu arat\u0103 bine \u0219i cei de mai sus se bucur\u0103 s\u0103-i aib\u0103 \u00een compania lor atunci c\u00e2nd pleac\u0103 \u00een destina\u021bii de lux, practic aeroportul este pentru ei un fel de bordel \u00een care \u00ee\u0219i angajeaz\u0103 amantele, rudele, prietenii.<\/p>\n<p>Anterior, Sergiu Spoial\u0103, directorul interimar al Aeroportului a evitat s\u0103 le r\u0103spund\u0103 jurnali\u0219tilor dac\u0103 aceste informa\u021bii sunt adev\u0103rate. El a declarat doar c\u0103 procesul de angajare a personalului este realizat de departamentul de resurse umane al \u00eentreprinderii. \u0218i pentru Canal 5 a negat, a evitat un r\u0103spuns concret, transfer\u00e2nd responsabilitatea c\u0103tre subordona\u021bii s\u0103i.<\/p>\n<p>SERGIU SPOIAL\u0102, directorul interimar al Aeroportului Chi\u0219in\u0103u<\/p>\n<p>De procesul de identificare \u0219i de angajare a personalului \u00een cadrul AIC se face de c\u0103tre resurse umane al \u00eentreprinderii. Nu exist\u0103 contracte sau obliga\u021biuni al altcuiva care s-ar ocupa, de identificarea personalului.<\/p>\n<p>Totu\u0219i, Spoial\u0103 a recunoscut \u0219i c\u0103 loc de munc\u0103 la aeroport \u0219i-a g\u0103sit sora vicepre\u0219edintelui Parlamentului, Doina Gherman. Bloggerul Eugeniu Luchianiuc scria c\u0103 aceasta a fost angajat\u0103, nu la verificat bilete, ci \u00een func\u021bia de \u0219ef adjunct \u00een Sec\u021bia administrativ\u0103.<\/p>\n<p>Activistul Vlad Bile\u021bchi mai declar\u0103 c\u0103 PAS, av\u00e2nd control asupra institu\u021biilor, poate sc\u0103pa de orice consecin\u021be pentru nereguli \u0219i tot dezastrul creat \u00een Aeroport. Prin urmare, lucrurile pot fi schimbate doar de cet\u0103\u021beni, subliniaz\u0103 el. Amintim c\u0103, recent, bloggerul Eugen Luchianiuc a publicat o diagram\u0103 \u00een care sus\u021bine c\u0103 Andrei Sp\u00eenu ar fi capul unei re\u021bele care controleaz\u0103 schemele de la Aeroport.<\/p>\n<p>Luchianiuc afirm\u0103 c\u0103 Sp\u00eenu este sprijinit de mai mul\u021bi oameni-cheie, inclusiv fo\u0219ti colegi de \u0219coal\u0103 sau cumetri, iar ace\u0219tia ar face milioane din bugetul statului. Autorit\u0103\u021bile nu au comentat acuza\u021biile.<\/p>\n<p>\u00a0<\/p>\n<\/div>\n","protected":false},"excerpt":{"rendered":"<div><img decoding=\"async\" width=\"480\" height=\"360\" src=\"https:\/\/canal5.md\/wp-content\/uploads\/2025\/03\/hqdefault-optimized.jpg\" class=\"attachment-large size-large wp-post-image\" alt=\"\" loading=\"lazy\" srcset=\"https:\/\/canal5.md\/wp-content\/uploads\/2025\/03\/hqdefault-optimized.jpg 480w, https:\/\/canal5.md\/wp-content\/uploads\/2025\/03\/hqdefault-300x225-optimized.jpg 300w\">Aeroportul Chi\u0219in\u0103u a devenit o \u201evac\u0103 de muls\u201d pentru guvernarea PAS, care, \u00een loc s\u0103 dezvolte obiectivul, \u00eel distruge. O spune pre\u0219edintele Unirea ODIP, Vlad Bile\u021bchi, cu referire la transform\u0103rile \u0219ocante la care a fost supus\u0103 aerogara, de c\u00e2nd a fost preluat\u0103 de stat. Mai exact, Bile\u021bchi a men\u021bionat spa\u021biile devenite incomode pasagerilor, pre\u021burile exagerate [\u2026]<\/div>\n","protected":false},"author":1,"featured_media":69753,"comment_status":"closed","ping_status":"closed","sticky":false,"template":"","format":"standard","meta":{"jnews-multi-image_gallery":[],"jnews_single_post":[],"jnews_primary_category":[],"jnews_social_meta":[],"jnews_override_counter":[],"footnotes":""},"categories":[23],"tags":[],"class_list":["post-69752","post","type-post","status-publish","format-standard","has-post-thumbnail","hentry","category-politica_ro"],"_links":{"self":[{"href":"https:\/\/orheifm.live\/index.php\/wp-json\/wp\/v2\/posts\/69752","targetHints":{"allow":["GET"]}}],"collection":[{"href":"https:\/\/orheifm.live\/index.php\/wp-json\/wp\/v2\/posts"}],"about":[{"href":"https:\/\/orheifm.live\/index.php\/wp-json\/wp\/v2\/types\/post"}],"author":[{"embeddable":true,"href":"https:\/\/orheifm.live\/index.php\/wp-json\/wp\/v2\/users\/1"}],"replies":[{"embeddable":true,"href":"https:\/\/orheifm.live\/index.php\/wp-json\/wp\/v2\/comments?post=69752"}],"version-history":[{"count":0,"href":"https:\/\/orheifm.live\/index.php\/wp-json\/wp\/v2\/posts\/69752\/revisions"}],"wp:featuredmedia":[{"embeddable":true,"href":"https:\/\/orheifm.live\/index.php\/wp-json\/wp\/v2\/media\/69753"}],"wp:attachment":[{"href":"https:\/\/orheifm.live\/index.php\/wp-json\/wp\/v2\/media?parent=69752"}],"wp:term":[{"taxonomy":"category","embeddable":true,"href":"https:\/\/orheifm.live\/index.php\/wp-json\/wp\/v2\/categories?post=69752"},{"taxonomy":"post_tag","embeddable":true,"href":"https:\/\/orheifm.live\/index.php\/wp-json\/wp\/v2\/tags?post=69752"}],"curies":[{"name":"wp","href":"https:\/\/api.w.org\/{rel}","templated":true}]}}