{"id":69750,"date":"2025-03-25T21:26:47","date_gmt":"2025-03-25T19:26:47","guid":{"rendered":"https:\/\/orheifm.live\/index.php\/2025\/03\/25\/sua-amana-includerea-romaniei-in-programul-visa-waiver-proces-suspendat-pe-termen-nedefinit-video\/"},"modified":"2025-03-25T21:26:47","modified_gmt":"2025-03-25T19:26:47","slug":"sua-amana-includerea-romaniei-in-programul-visa-waiver-proces-suspendat-pe-termen-nedefinit-video","status":"publish","type":"post","link":"https:\/\/orheifm.live\/index.php\/2025\/03\/25\/sua-amana-includerea-romaniei-in-programul-visa-waiver-proces-suspendat-pe-termen-nedefinit-video\/","title":{"rendered":"SUA am\u00e2n\u0103 includerea Rom\u00e2niei \u00een programul Visa Waiver: Proces suspendat pe termen nedefinit |VIDEO"},"content":{"rendered":"<div>\n<p><strong>Statele Unite ale Americii a am\u00e2nat pentru o perioad\u0103 nedefinit\u0103 anularea vizelor pentru cet\u0103\u021benii rom\u00e2ni. Guvernul american a anun\u021bat c\u0103 va revizui includerea Rom\u00e2niei \u00een programul care permitea intrarea \u00een SUA f\u0103r\u0103 viz\u0103 pentru o perioad\u0103 de p\u00e2n\u0103 la 90 de zile, \u00een scopuri turistice sau de afaceri. <\/strong><br \/>\n<iframe loading=\"lazy\" title=\"YouTube video player\" src=\"https:\/\/www.youtube.com\/embed\/Pil2TKGX0RU?si=3uOhNng-XCFmf3sW\" width=\"560\" height=\"315\" frameborder=\"0\" allowfullscreen=\"allowfullscreen\"><\/iframe><br \/>\nSe men\u021bioneaz\u0103 c\u0103 aceast\u0103 decizie a fost luat\u0103 pentru a verifica respectarea \u201ecerin\u021belor stricte de securitate\u201d.<\/p>\n<p>Astfel, rom\u00e2nii care doresc s\u0103 viziteze Statele Unite \u00een scopuri turistice sau de afaceri pe termen scurt vor trebui \u00een continuare s\u0103 aplice pentru viza corespunz\u0103toare \u201eB\u201d la ambasada sau consulatul SUA, conform unui comunicat al<\/p>\n<p>Departamentului de Securitate Intern\u0103 al SUA. Rom\u00e2nia spera ca regimul f\u0103r\u0103 viz\u0103 s\u0103 fie introdus \u00een acest an. Pre\u0219edintele interimar al Rom\u00e2niei, Ilie Bolojan, a declarat c\u0103 explica\u021biile din partea autorit\u0103\u021bilor americane ar putea fi primite \u00een urm\u0103toarele zile \u0219i a sugerat c\u0103 procesul a fost suspendat din cauza modific\u0103rii politicii migratorii a SUA.<\/p>\n<\/div>\n","protected":false},"excerpt":{"rendered":"<div><img loading=\"lazy\" decoding=\"async\" width=\"696\" height=\"392\" src=\"https:\/\/canal5.md\/wp-content\/uploads\/2025\/03\/288c7325855a6f56e0cf874f8460abd8d1c2b5370f2e6a5310488e44e71da8c4-optimized.jpg\" class=\"attachment-large size-large wp-post-image\" alt=\"\" srcset=\"https:\/\/canal5.md\/wp-content\/uploads\/2025\/03\/288c7325855a6f56e0cf874f8460abd8d1c2b5370f2e6a5310488e44e71da8c4-optimized.jpg 800w, https:\/\/canal5.md\/wp-content\/uploads\/2025\/03\/288c7325855a6f56e0cf874f8460abd8d1c2b5370f2e6a5310488e44e71da8c4-300x169-optimized.jpg 300w, https:\/\/canal5.md\/wp-content\/uploads\/2025\/03\/288c7325855a6f56e0cf874f8460abd8d1c2b5370f2e6a5310488e44e71da8c4-768x432-optimized.jpg 768w, https:\/\/canal5.md\/wp-content\/uploads\/2025\/03\/288c7325855a6f56e0cf874f8460abd8d1c2b5370f2e6a5310488e44e71da8c4-696x392-optimized.jpg 696w\">Statele Unite ale Americii a am\u00e2nat pentru o perioad\u0103 nedefinit\u0103 anularea vizelor pentru cet\u0103\u021benii rom\u00e2ni. Guvernul american a anun\u021bat c\u0103 va revizui includerea Rom\u00e2niei \u00een programul care permitea intrarea \u00een SUA f\u0103r\u0103 viz\u0103 pentru o perioad\u0103 de p\u00e2n\u0103 la 90 de zile, \u00een scopuri turistice sau de afaceri. Se men\u021bioneaz\u0103 c\u0103 aceast\u0103 decizie a fost [\u2026]<\/div>\n","protected":false},"author":1,"featured_media":69751,"comment_status":"closed","ping_status":"closed","sticky":false,"template":"","format":"standard","meta":{"jnews-multi-image_gallery":[],"jnews_single_post":[],"jnews_primary_category":[],"jnews_social_meta":[],"jnews_override_counter":[],"footnotes":""},"categories":[29],"tags":[],"class_list":["post-69750","post","type-post","status-publish","format-standard","has-post-thumbnail","hentry","category-externe_ro"],"_links":{"self":[{"href":"https:\/\/orheifm.live\/index.php\/wp-json\/wp\/v2\/posts\/69750","targetHints":{"allow":["GET"]}}],"collection":[{"href":"https:\/\/orheifm.live\/index.php\/wp-json\/wp\/v2\/posts"}],"about":[{"href":"https:\/\/orheifm.live\/index.php\/wp-json\/wp\/v2\/types\/post"}],"author":[{"embeddable":true,"href":"https:\/\/orheifm.live\/index.php\/wp-json\/wp\/v2\/users\/1"}],"replies":[{"embeddable":true,"href":"https:\/\/orheifm.live\/index.php\/wp-json\/wp\/v2\/comments?post=69750"}],"version-history":[{"count":0,"href":"https:\/\/orheifm.live\/index.php\/wp-json\/wp\/v2\/posts\/69750\/revisions"}],"wp:featuredmedia":[{"embeddable":true,"href":"https:\/\/orheifm.live\/index.php\/wp-json\/wp\/v2\/media\/69751"}],"wp:attachment":[{"href":"https:\/\/orheifm.live\/index.php\/wp-json\/wp\/v2\/media?parent=69750"}],"wp:term":[{"taxonomy":"category","embeddable":true,"href":"https:\/\/orheifm.live\/index.php\/wp-json\/wp\/v2\/categories?post=69750"},{"taxonomy":"post_tag","embeddable":true,"href":"https:\/\/orheifm.live\/index.php\/wp-json\/wp\/v2\/tags?post=69750"}],"curies":[{"name":"wp","href":"https:\/\/api.w.org\/{rel}","templated":true}]}}