{"id":69726,"date":"2025-03-25T16:00:30","date_gmt":"2025-03-25T14:00:30","guid":{"rendered":"https:\/\/orheifm.live\/index.php\/2025\/03\/25\/un-barbat-a-fost-impuscat-la-o-nunta-in-furth-altul-la-un-festival-in-parsberg\/"},"modified":"2025-03-25T16:00:30","modified_gmt":"2025-03-25T14:00:30","slug":"un-barbat-a-fost-impuscat-la-o-nunta-in-furth-altul-la-un-festival-in-parsberg","status":"publish","type":"post","link":"https:\/\/orheifm.live\/index.php\/2025\/03\/25\/un-barbat-a-fost-impuscat-la-o-nunta-in-furth-altul-la-un-festival-in-parsberg\/","title":{"rendered":"Un b\u0103rbat a fost \u00eempu\u0219cat la o nunt\u0103 \u00een F\u00fcrth, altul la un festival \u00een Parsberg"},"content":{"rendered":"<div>\n<p><strong>Dou\u0103 persoane \u0219i-au pierdut via\u021ba duminic\u0103 \u00een dou\u0103 incidente armate separate \u00een landul Bavaria, sud-estul Germaniei, conform poli\u021biei.<\/strong><\/p>\n<p>Un b\u0103rbat de 47 de ani a murit dup\u0103 ce a fost \u00eempu\u0219cat la o nunt\u0103 din F\u00fcrth, la care participau sute de persoane. Atacatorul a fugit de la locul incidentului \u0219i este \u00een continuare c\u0103utat. Victima a fost transportat\u0103 la spital \u0219i a primit \u00eengrijiri la terapie intensiv\u0103, \u00eens\u0103 a decedat ulterior din cauza r\u0103nilor grave.<\/p>\n<p>Poli\u021bia a deschis o anchet\u0103 preliminar\u0103 \u0219i intervieveaz\u0103 martori. De\u0219i autorit\u0103\u021bile suspecteaz\u0103 c\u0103 a fost un singur atacator, dou\u0103 vehicule cu numere de \u00eenmatriculare franceze au p\u0103r\u0103sit zona imediat dup\u0103 atac \u0219i sunt c\u0103utate.<\/p>\n<p>\u00centr-un alt incident, un b\u0103rbat a fost ucis la un festival cultural al comunit\u0103\u021bii kurde \u00een ora\u0219ul Parsberg. Potrivit poli\u021biei, \u00eentre doi b\u0103rba\u021bi a izbucnit o ceart\u0103, iar unul dintre ei a scos un pistol. Suspectul a fost arestat, iar alte persoane nu au fost r\u0103nite \u00een acest incident.<\/p>\n<\/div>\n","protected":false},"excerpt":{"rendered":"<div><img loading=\"lazy\" decoding=\"async\" width=\"696\" height=\"392\" src=\"https:\/\/canal5.md\/wp-content\/uploads\/2025\/03\/96e62ea7f0b299b48419b1fe8f2dd503f243467116316fa3db33e8b288c176e9-1024x576-optimized.png\" class=\"attachment-large size-large wp-post-image\" alt=\"\" srcset=\"https:\/\/canal5.md\/wp-content\/uploads\/2025\/03\/96e62ea7f0b299b48419b1fe8f2dd503f243467116316fa3db33e8b288c176e9-1024x576-optimized.png 1024w, https:\/\/canal5.md\/wp-content\/uploads\/2025\/03\/96e62ea7f0b299b48419b1fe8f2dd503f243467116316fa3db33e8b288c176e9-300x169-optimized.png 300w, https:\/\/canal5.md\/wp-content\/uploads\/2025\/03\/96e62ea7f0b299b48419b1fe8f2dd503f243467116316fa3db33e8b288c176e9-768x432-optimized.png 768w, https:\/\/canal5.md\/wp-content\/uploads\/2025\/03\/96e62ea7f0b299b48419b1fe8f2dd503f243467116316fa3db33e8b288c176e9-696x392-optimized.png 696w, https:\/\/canal5.md\/wp-content\/uploads\/2025\/03\/96e62ea7f0b299b48419b1fe8f2dd503f243467116316fa3db33e8b288c176e9-1068x601-optimized.png 1068w, https:\/\/canal5.md\/wp-content\/uploads\/2025\/03\/96e62ea7f0b299b48419b1fe8f2dd503f243467116316fa3db33e8b288c176e9-optimized.png 1200w\">Dou\u0103 persoane \u0219i-au pierdut via\u021ba duminic\u0103 \u00een dou\u0103 incidente armate separate \u00een landul Bavaria, sud-estul Germaniei, conform poli\u021biei. Un b\u0103rbat de 47 de ani a murit dup\u0103 ce a fost \u00eempu\u0219cat la o nunt\u0103 din F\u00fcrth, la care participau sute de persoane. Atacatorul a fugit de la locul incidentului \u0219i este \u00een continuare c\u0103utat. Victima [\u2026]<\/div>\n","protected":false},"author":1,"featured_media":69727,"comment_status":"closed","ping_status":"closed","sticky":false,"template":"","format":"standard","meta":{"jnews-multi-image_gallery":[],"jnews_single_post":[],"jnews_primary_category":[],"jnews_social_meta":[],"jnews_override_counter":[],"footnotes":""},"categories":[29],"tags":[],"class_list":["post-69726","post","type-post","status-publish","format-standard","has-post-thumbnail","hentry","category-externe_ro"],"_links":{"self":[{"href":"https:\/\/orheifm.live\/index.php\/wp-json\/wp\/v2\/posts\/69726","targetHints":{"allow":["GET"]}}],"collection":[{"href":"https:\/\/orheifm.live\/index.php\/wp-json\/wp\/v2\/posts"}],"about":[{"href":"https:\/\/orheifm.live\/index.php\/wp-json\/wp\/v2\/types\/post"}],"author":[{"embeddable":true,"href":"https:\/\/orheifm.live\/index.php\/wp-json\/wp\/v2\/users\/1"}],"replies":[{"embeddable":true,"href":"https:\/\/orheifm.live\/index.php\/wp-json\/wp\/v2\/comments?post=69726"}],"version-history":[{"count":0,"href":"https:\/\/orheifm.live\/index.php\/wp-json\/wp\/v2\/posts\/69726\/revisions"}],"wp:featuredmedia":[{"embeddable":true,"href":"https:\/\/orheifm.live\/index.php\/wp-json\/wp\/v2\/media\/69727"}],"wp:attachment":[{"href":"https:\/\/orheifm.live\/index.php\/wp-json\/wp\/v2\/media?parent=69726"}],"wp:term":[{"taxonomy":"category","embeddable":true,"href":"https:\/\/orheifm.live\/index.php\/wp-json\/wp\/v2\/categories?post=69726"},{"taxonomy":"post_tag","embeddable":true,"href":"https:\/\/orheifm.live\/index.php\/wp-json\/wp\/v2\/tags?post=69726"}],"curies":[{"name":"wp","href":"https:\/\/api.w.org\/{rel}","templated":true}]}}