{"id":69700,"date":"2025-03-25T10:40:12","date_gmt":"2025-03-25T08:40:12","guid":{"rendered":"https:\/\/orheifm.live\/index.php\/2025\/03\/25\/barbat-decedat-dupa-ce-a-cazut-intr-un-canal-de-scurgere-in-chisinau\/"},"modified":"2025-03-25T10:40:12","modified_gmt":"2025-03-25T08:40:12","slug":"barbat-decedat-dupa-ce-a-cazut-intr-un-canal-de-scurgere-in-chisinau","status":"publish","type":"post","link":"https:\/\/orheifm.live\/index.php\/2025\/03\/25\/barbat-decedat-dupa-ce-a-cazut-intr-un-canal-de-scurgere-in-chisinau\/","title":{"rendered":"B\u0103rbat decedat dup\u0103 ce a c\u0103zut \u00eentr-un canal de scurgere \u00een Chi\u0219in\u0103u"},"content":{"rendered":"<div>\n<p><strong>Un b\u0103rbat de 55 de ani a fost g\u0103sit mort ieri-sear\u0103, \u00een jurul orei 19:56, pe strada V. Badiu din Chi\u0219in\u0103u, dup\u0103 ce ar fi c\u0103zut \u00eentr-un canal de scurgere. <\/strong><\/p>\n<p>Cadavrul a fost descoperit de un trec\u0103tor, iar poli\u021bia \u0219i echipajele de salvatori au intervenit pentru a-l extrage. Medicul-legist nu a g\u0103sit semne de moarte violent\u0103, dar cauza exact\u0103 a decesului va fi stabilit\u0103 printr-o expertiz\u0103 suplimentar\u0103.<\/p>\n<\/div>\n","protected":false},"excerpt":{"rendered":"<div><img loading=\"lazy\" decoding=\"async\" width=\"696\" height=\"392\" src=\"https:\/\/canal5.md\/wp-content\/uploads\/2025\/03\/443e5ec05b62a12c17b08dc191066bec8f29e2d0bc4ed019bfb498946495b307-1024x576-optimized.jpg\" class=\"attachment-large size-large wp-post-image\" alt=\"\" srcset=\"https:\/\/canal5.md\/wp-content\/uploads\/2025\/03\/443e5ec05b62a12c17b08dc191066bec8f29e2d0bc4ed019bfb498946495b307-1024x576-optimized.jpg 1024w, https:\/\/canal5.md\/wp-content\/uploads\/2025\/03\/443e5ec05b62a12c17b08dc191066bec8f29e2d0bc4ed019bfb498946495b307-300x169-optimized.jpg 300w, https:\/\/canal5.md\/wp-content\/uploads\/2025\/03\/443e5ec05b62a12c17b08dc191066bec8f29e2d0bc4ed019bfb498946495b307-768x432-optimized.jpg 768w, https:\/\/canal5.md\/wp-content\/uploads\/2025\/03\/443e5ec05b62a12c17b08dc191066bec8f29e2d0bc4ed019bfb498946495b307-696x392-optimized.jpg 696w, https:\/\/canal5.md\/wp-content\/uploads\/2025\/03\/443e5ec05b62a12c17b08dc191066bec8f29e2d0bc4ed019bfb498946495b307-1068x601-optimized.jpg 1068w, https:\/\/canal5.md\/wp-content\/uploads\/2025\/03\/443e5ec05b62a12c17b08dc191066bec8f29e2d0bc4ed019bfb498946495b307-optimized.jpg 1200w\">Un b\u0103rbat de 55 de ani a fost g\u0103sit mort ieri-sear\u0103, \u00een jurul orei 19:56, pe strada V. Badiu din Chi\u0219in\u0103u, dup\u0103 ce ar fi c\u0103zut \u00eentr-un canal de scurgere. Cadavrul a fost descoperit de un trec\u0103tor, iar poli\u021bia \u0219i echipajele de salvatori au intervenit pentru a-l extrage. Medicul-legist nu a g\u0103sit semne de moarte [\u2026]<\/div>\n","protected":false},"author":1,"featured_media":69701,"comment_status":"closed","ping_status":"closed","sticky":false,"template":"","format":"standard","meta":{"jnews-multi-image_gallery":[],"jnews_single_post":[],"jnews_primary_category":[],"jnews_social_meta":[],"jnews_override_counter":[],"footnotes":""},"categories":[30],"tags":[],"class_list":["post-69700","post","type-post","status-publish","format-standard","has-post-thumbnail","hentry","category-social_ro"],"_links":{"self":[{"href":"https:\/\/orheifm.live\/index.php\/wp-json\/wp\/v2\/posts\/69700","targetHints":{"allow":["GET"]}}],"collection":[{"href":"https:\/\/orheifm.live\/index.php\/wp-json\/wp\/v2\/posts"}],"about":[{"href":"https:\/\/orheifm.live\/index.php\/wp-json\/wp\/v2\/types\/post"}],"author":[{"embeddable":true,"href":"https:\/\/orheifm.live\/index.php\/wp-json\/wp\/v2\/users\/1"}],"replies":[{"embeddable":true,"href":"https:\/\/orheifm.live\/index.php\/wp-json\/wp\/v2\/comments?post=69700"}],"version-history":[{"count":0,"href":"https:\/\/orheifm.live\/index.php\/wp-json\/wp\/v2\/posts\/69700\/revisions"}],"wp:featuredmedia":[{"embeddable":true,"href":"https:\/\/orheifm.live\/index.php\/wp-json\/wp\/v2\/media\/69701"}],"wp:attachment":[{"href":"https:\/\/orheifm.live\/index.php\/wp-json\/wp\/v2\/media?parent=69700"}],"wp:term":[{"taxonomy":"category","embeddable":true,"href":"https:\/\/orheifm.live\/index.php\/wp-json\/wp\/v2\/categories?post=69700"},{"taxonomy":"post_tag","embeddable":true,"href":"https:\/\/orheifm.live\/index.php\/wp-json\/wp\/v2\/tags?post=69700"}],"curies":[{"name":"wp","href":"https:\/\/api.w.org\/{rel}","templated":true}]}}