{"id":69698,"date":"2025-03-25T10:20:43","date_gmt":"2025-03-25T08:20:43","guid":{"rendered":"https:\/\/orheifm.live\/index.php\/2025\/03\/25\/sofer-de-microbuz-sanctionat-pentru-incalcarea-regulilor-de-circulatie-in-peresecina\/"},"modified":"2025-03-25T10:20:43","modified_gmt":"2025-03-25T08:20:43","slug":"sofer-de-microbuz-sanctionat-pentru-incalcarea-regulilor-de-circulatie-in-peresecina","status":"publish","type":"post","link":"https:\/\/orheifm.live\/index.php\/2025\/03\/25\/sofer-de-microbuz-sanctionat-pentru-incalcarea-regulilor-de-circulatie-in-peresecina\/","title":{"rendered":"\u0218ofer de microbuz sanc\u021bionat pentru \u00eenc\u0103lcarea regulilor de circula\u021bie \u00een peresecina"},"content":{"rendered":"<div>\n<p class=\"\" data-start=\"19\" data-end=\"293\"><strong>Poli\u021bi\u0219tii Sec\u021biei Patrulare Centru a NSP au depistat \u0219i sanc\u021bionat \u0219oferul unui microbuz de rut\u0103 care a \u00eenc\u0103lcat regulile de circula\u021bie, pun\u00e2nd \u00een pericol siguran\u021ba traficului. <\/strong><\/p>\n<p class=\"\" data-start=\"19\" data-end=\"293\">Incidentul s-a produs pe 22 martie, pe traseul R-6, \u00een localitatea Peresecina, raionul Orhei.<\/p>\n<p class=\"\" data-start=\"295\" data-end=\"509\">\u0218oferul, un b\u0103rbat de 59 de ani din Chi\u0219in\u0103u, a fost amendat, iar poli\u021bia a trimis materialele instan\u021bei cu propunerea de a-i fi retras dreptul de a conduce vehicule pentru o perioad\u0103 cuprins\u0103 \u00eentre 6 luni \u0219i 1 an.<\/p>\n<\/div>\n","protected":false},"excerpt":{"rendered":"<div><img loading=\"lazy\" decoding=\"async\" width=\"696\" height=\"355\" src=\"https:\/\/canal5.md\/wp-content\/uploads\/2025\/03\/snimok-ekrana-2025-03-25-092655-1024x522-optimized.png\" class=\"attachment-large size-large wp-post-image\" alt=\"\" srcset=\"https:\/\/canal5.md\/wp-content\/uploads\/2025\/03\/snimok-ekrana-2025-03-25-092655-1024x522-optimized.png 1024w, https:\/\/canal5.md\/wp-content\/uploads\/2025\/03\/snimok-ekrana-2025-03-25-092655-300x153-optimized.png 300w, https:\/\/canal5.md\/wp-content\/uploads\/2025\/03\/snimok-ekrana-2025-03-25-092655-768x392-optimized.png 768w, https:\/\/canal5.md\/wp-content\/uploads\/2025\/03\/snimok-ekrana-2025-03-25-092655-1536x784-optimized.png 1536w, https:\/\/canal5.md\/wp-content\/uploads\/2025\/03\/snimok-ekrana-2025-03-25-092655-696x355-optimized.png 696w, https:\/\/canal5.md\/wp-content\/uploads\/2025\/03\/snimok-ekrana-2025-03-25-092655-1068x545-optimized.png 1068w, https:\/\/canal5.md\/wp-content\/uploads\/2025\/03\/snimok-ekrana-2025-03-25-092655-optimized.png 1623w\">Poli\u021bi\u0219tii Sec\u021biei Patrulare Centru a NSP au depistat \u0219i sanc\u021bionat \u0219oferul unui microbuz de rut\u0103 care a \u00eenc\u0103lcat regulile de circula\u021bie, pun\u00e2nd \u00een pericol siguran\u021ba traficului. Incidentul s-a produs pe 22 martie, pe traseul R-6, \u00een localitatea Peresecina, raionul Orhei. \u0218oferul, un b\u0103rbat de 59 de ani din Chi\u0219in\u0103u, a fost amendat, iar poli\u021bia a [\u2026]<\/div>\n","protected":false},"author":1,"featured_media":69699,"comment_status":"closed","ping_status":"closed","sticky":false,"template":"","format":"standard","meta":{"jnews-multi-image_gallery":[],"jnews_single_post":[],"jnews_primary_category":[],"jnews_social_meta":[],"jnews_override_counter":[],"footnotes":""},"categories":[30],"tags":[],"class_list":["post-69698","post","type-post","status-publish","format-standard","has-post-thumbnail","hentry","category-social_ro"],"_links":{"self":[{"href":"https:\/\/orheifm.live\/index.php\/wp-json\/wp\/v2\/posts\/69698","targetHints":{"allow":["GET"]}}],"collection":[{"href":"https:\/\/orheifm.live\/index.php\/wp-json\/wp\/v2\/posts"}],"about":[{"href":"https:\/\/orheifm.live\/index.php\/wp-json\/wp\/v2\/types\/post"}],"author":[{"embeddable":true,"href":"https:\/\/orheifm.live\/index.php\/wp-json\/wp\/v2\/users\/1"}],"replies":[{"embeddable":true,"href":"https:\/\/orheifm.live\/index.php\/wp-json\/wp\/v2\/comments?post=69698"}],"version-history":[{"count":0,"href":"https:\/\/orheifm.live\/index.php\/wp-json\/wp\/v2\/posts\/69698\/revisions"}],"wp:featuredmedia":[{"embeddable":true,"href":"https:\/\/orheifm.live\/index.php\/wp-json\/wp\/v2\/media\/69699"}],"wp:attachment":[{"href":"https:\/\/orheifm.live\/index.php\/wp-json\/wp\/v2\/media?parent=69698"}],"wp:term":[{"taxonomy":"category","embeddable":true,"href":"https:\/\/orheifm.live\/index.php\/wp-json\/wp\/v2\/categories?post=69698"},{"taxonomy":"post_tag","embeddable":true,"href":"https:\/\/orheifm.live\/index.php\/wp-json\/wp\/v2\/tags?post=69698"}],"curies":[{"name":"wp","href":"https:\/\/api.w.org\/{rel}","templated":true}]}}