{"id":69694,"date":"2025-03-25T09:25:51","date_gmt":"2025-03-25T07:25:51","guid":{"rendered":"https:\/\/orheifm.live\/index.php\/2025\/03\/25\/trafic-restrictionat-in-centru-recomandari-pentru-soferi-in-perioada-25-26-martie\/"},"modified":"2025-03-25T09:25:51","modified_gmt":"2025-03-25T07:25:51","slug":"trafic-restrictionat-in-centru-recomandari-pentru-soferi-in-perioada-25-26-martie","status":"publish","type":"post","link":"https:\/\/orheifm.live\/index.php\/2025\/03\/25\/trafic-restrictionat-in-centru-recomandari-pentru-soferi-in-perioada-25-26-martie\/","title":{"rendered":"Trafic Restric\u021bionat \u00een Centru: Recomand\u0103ri pentru \u0218oferi \u00een Perioada 25-26 Martie"},"content":{"rendered":"<div>\n<p><strong>Poli\u021bia Na\u021bional\u0103 anun\u021b\u0103 c\u0103, \u00een perioada 25-26 martie, traficul rutier va fi par\u021bial restric\u021bionat pe principalele artere din sectorul Centru al capitalei, \u00een contextul unei vizite oficiale.<\/strong><\/p>\n<p>Pentru a evita aglomera\u021bia, autorit\u0103\u021bile recomand\u0103 conduc\u0103torilor auto:<\/p>\n<ul>\n<li>S\u0103 evite parcarea pe str\u0103zile principale.<\/li>\n<li>S\u0103 respecte indica\u021biile agen\u021bilor de patrulare, care vor asigura fluidizarea traficului, se men\u021bioneaz\u0103 \u00eentr-un comunicat oficial.<\/li>\n<\/ul>\n<\/div>\n","protected":false},"excerpt":{"rendered":"<div><img loading=\"lazy\" decoding=\"async\" width=\"696\" height=\"392\" src=\"https:\/\/canal5.md\/wp-content\/uploads\/2025\/03\/img_7393-1-optimized.jpeg\" class=\"attachment-large size-large wp-post-image\" alt=\"\" srcset=\"https:\/\/canal5.md\/wp-content\/uploads\/2025\/03\/img_7393-1-optimized.jpeg 800w, https:\/\/canal5.md\/wp-content\/uploads\/2025\/03\/img_7393-1-300x169-optimized.jpeg 300w, https:\/\/canal5.md\/wp-content\/uploads\/2025\/03\/img_7393-1-768x432-optimized.jpeg 768w, https:\/\/canal5.md\/wp-content\/uploads\/2025\/03\/img_7393-1-696x392-optimized.jpeg 696w\">Poli\u021bia Na\u021bional\u0103 anun\u021b\u0103 c\u0103, \u00een perioada 25-26 martie, traficul rutier va fi par\u021bial restric\u021bionat pe principalele artere din sectorul Centru al capitalei, \u00een contextul unei vizite oficiale. Pentru a evita aglomera\u021bia, autorit\u0103\u021bile recomand\u0103 conduc\u0103torilor auto: S\u0103 evite parcarea pe str\u0103zile principale. S\u0103 respecte indica\u021biile agen\u021bilor de patrulare, care vor asigura fluidizarea traficului, se men\u021bioneaz\u0103 \u00eentr-un [\u2026]<\/div>\n","protected":false},"author":1,"featured_media":69695,"comment_status":"closed","ping_status":"closed","sticky":false,"template":"","format":"standard","meta":{"jnews-multi-image_gallery":[],"jnews_single_post":[],"jnews_primary_category":[],"jnews_social_meta":[],"jnews_override_counter":[],"footnotes":""},"categories":[30],"tags":[],"class_list":["post-69694","post","type-post","status-publish","format-standard","has-post-thumbnail","hentry","category-social_ro"],"_links":{"self":[{"href":"https:\/\/orheifm.live\/index.php\/wp-json\/wp\/v2\/posts\/69694","targetHints":{"allow":["GET"]}}],"collection":[{"href":"https:\/\/orheifm.live\/index.php\/wp-json\/wp\/v2\/posts"}],"about":[{"href":"https:\/\/orheifm.live\/index.php\/wp-json\/wp\/v2\/types\/post"}],"author":[{"embeddable":true,"href":"https:\/\/orheifm.live\/index.php\/wp-json\/wp\/v2\/users\/1"}],"replies":[{"embeddable":true,"href":"https:\/\/orheifm.live\/index.php\/wp-json\/wp\/v2\/comments?post=69694"}],"version-history":[{"count":0,"href":"https:\/\/orheifm.live\/index.php\/wp-json\/wp\/v2\/posts\/69694\/revisions"}],"wp:featuredmedia":[{"embeddable":true,"href":"https:\/\/orheifm.live\/index.php\/wp-json\/wp\/v2\/media\/69695"}],"wp:attachment":[{"href":"https:\/\/orheifm.live\/index.php\/wp-json\/wp\/v2\/media?parent=69694"}],"wp:term":[{"taxonomy":"category","embeddable":true,"href":"https:\/\/orheifm.live\/index.php\/wp-json\/wp\/v2\/categories?post=69694"},{"taxonomy":"post_tag","embeddable":true,"href":"https:\/\/orheifm.live\/index.php\/wp-json\/wp\/v2\/tags?post=69694"}],"curies":[{"name":"wp","href":"https:\/\/api.w.org\/{rel}","templated":true}]}}