{"id":69690,"date":"2025-03-24T22:44:33","date_gmt":"2025-03-24T20:44:33","guid":{"rendered":"https:\/\/orheifm.live\/index.php\/2025\/03\/24\/un-roman-ucis-cu-focuri-de-arma-la-o-nunta-in-germania-un-francez-s-a-predat-si-a-marturisit-ca-este-autorul-atacului\/"},"modified":"2025-03-24T22:44:33","modified_gmt":"2025-03-24T20:44:33","slug":"un-roman-ucis-cu-focuri-de-arma-la-o-nunta-in-germania-un-francez-s-a-predat-si-a-marturisit-ca-este-autorul-atacului","status":"publish","type":"post","link":"https:\/\/orheifm.live\/index.php\/2025\/03\/24\/un-roman-ucis-cu-focuri-de-arma-la-o-nunta-in-germania-un-francez-s-a-predat-si-a-marturisit-ca-este-autorul-atacului\/","title":{"rendered":"Un rom\u00e2n, ucis cu focuri de arm\u0103 la o nunt\u0103 \u00een Germania; un francez s-a predat \u0219i a m\u0103rturisit c\u0103 este autorul atacului"},"content":{"rendered":"<div>\n<p><strong>Un cet\u0103\u021bean francez s-a predat poli\u021biei franceze \u0219i a m\u0103rturisit c\u0103 este autorul unui atac armat \u00een care un rom\u00e2n a fost ucis duminic\u0103 la o nunt\u0103 \u00een ora\u0219ul german Furth, relateaz\u0103 luni agen\u021bia DPA scrie <a href=\"https:\/\/agerpres.ro\/romania-in-lume\/2025\/03\/24\/un-roman-ucis-cu-focuri-de-arma-la-o-nunta-in-germania-un-francez-s-a-predat-si-a-marturisit-ca-este--1433822\">agerpres.ro<\/a><\/strong><\/p>\n<p>Un purt\u0103tor de cuv\u00e2nt al poli\u021biei din ora\u0219ul german Nurnberg a declarat c\u0103 se investigheaz\u0103 dac\u0103 acest suspect este \u00eentr-adev\u0103r autorul atacului, dar primele informa\u021bii indic\u0103 spre el.<\/p>\n<p>Rom\u00e2nul, \u00een v\u00e2rst\u0103 de 47 de ani, a murit dup\u0103 ce focuri de arm\u0103 au fost trase la o nunt\u0103 la care participau sute de persoane \u00een ora\u0219ul Furth, situat la mai mult de 200 de kilometri de grani\u021ba cu Fran\u021ba.<\/p>\n<p>Potrivit poli\u021biei, dou\u0103 ma\u0219ini cu numere de \u00eenmatriculare fran\u021buze\u0219ti au plecat \u00een grab\u0103 de la locul faptei, dar \u00eenc\u0103 nu este clar dac\u0103 atacatorul a ac\u021bionat singur ori a avut \u0219i complici.<\/p>\n<p>Anchetatorii nu \u0219tiu \u00eenc\u0103 nici motiva\u021bia atacului din timpul nun\u021bii, dar consider\u0103 c\u0103 acesta a fost premeditat \u0219i era legat de o disput\u0103 personal\u0103. Cet\u0103\u021beanul rom\u00e2n care a fost \u00eempu\u0219cat a murit la spital. Poli\u021bia nu a stabilit deocamdat\u0103 dac\u0103 exist\u0103 o leg\u0103tur\u0103 \u00eentre el \u0219i cuplul c\u0103s\u0103torit.<\/p>\n<p>Acest atac armat nu a fost singurul care a avut loc duminic\u0103 \u00een landul Bavaria din sudul Germaniei. \u00cen ora\u0219ul Parsberg, un b\u0103rbat a fost ucis la un festival cultural al comunit\u0103\u021bii kurde, desf\u0103\u0219urat \u00een aer liber.<\/p>\n<\/div>\n","protected":false},"excerpt":{"rendered":"<div><img loading=\"lazy\" decoding=\"async\" width=\"696\" height=\"425\" src=\"https:\/\/canal5.md\/wp-content\/uploads\/2025\/03\/20250324131942_960595-optimized.jpg\" class=\"attachment-large size-large wp-post-image\" alt=\"\" srcset=\"https:\/\/canal5.md\/wp-content\/uploads\/2025\/03\/20250324131942_960595-optimized.jpg 800w, https:\/\/canal5.md\/wp-content\/uploads\/2025\/03\/20250324131942_960595-300x183-optimized.jpg 300w, https:\/\/canal5.md\/wp-content\/uploads\/2025\/03\/20250324131942_960595-768x468-optimized.jpg 768w, https:\/\/canal5.md\/wp-content\/uploads\/2025\/03\/20250324131942_960595-696x425-optimized.jpg 696w\">Un cet\u0103\u021bean francez s-a predat poli\u021biei franceze \u0219i a m\u0103rturisit c\u0103 este autorul unui atac armat \u00een care un rom\u00e2n a fost ucis duminic\u0103 la o nunt\u0103 \u00een ora\u0219ul german Furth, relateaz\u0103 luni agen\u021bia DPA scrie agerpres.ro Un purt\u0103tor de cuv\u00e2nt al poli\u021biei din ora\u0219ul german Nurnberg a declarat c\u0103 se investigheaz\u0103 dac\u0103 acest suspect [\u2026]<\/div>\n","protected":false},"author":1,"featured_media":69691,"comment_status":"closed","ping_status":"closed","sticky":false,"template":"","format":"standard","meta":{"jnews-multi-image_gallery":[],"jnews_single_post":[],"jnews_primary_category":[],"jnews_social_meta":[],"jnews_override_counter":[],"footnotes":""},"categories":[29],"tags":[],"class_list":["post-69690","post","type-post","status-publish","format-standard","has-post-thumbnail","hentry","category-externe_ro"],"_links":{"self":[{"href":"https:\/\/orheifm.live\/index.php\/wp-json\/wp\/v2\/posts\/69690","targetHints":{"allow":["GET"]}}],"collection":[{"href":"https:\/\/orheifm.live\/index.php\/wp-json\/wp\/v2\/posts"}],"about":[{"href":"https:\/\/orheifm.live\/index.php\/wp-json\/wp\/v2\/types\/post"}],"author":[{"embeddable":true,"href":"https:\/\/orheifm.live\/index.php\/wp-json\/wp\/v2\/users\/1"}],"replies":[{"embeddable":true,"href":"https:\/\/orheifm.live\/index.php\/wp-json\/wp\/v2\/comments?post=69690"}],"version-history":[{"count":0,"href":"https:\/\/orheifm.live\/index.php\/wp-json\/wp\/v2\/posts\/69690\/revisions"}],"wp:featuredmedia":[{"embeddable":true,"href":"https:\/\/orheifm.live\/index.php\/wp-json\/wp\/v2\/media\/69691"}],"wp:attachment":[{"href":"https:\/\/orheifm.live\/index.php\/wp-json\/wp\/v2\/media?parent=69690"}],"wp:term":[{"taxonomy":"category","embeddable":true,"href":"https:\/\/orheifm.live\/index.php\/wp-json\/wp\/v2\/categories?post=69690"},{"taxonomy":"post_tag","embeddable":true,"href":"https:\/\/orheifm.live\/index.php\/wp-json\/wp\/v2\/tags?post=69690"}],"curies":[{"name":"wp","href":"https:\/\/api.w.org\/{rel}","templated":true}]}}