{"id":69658,"date":"2025-03-24T16:58:21","date_gmt":"2025-03-24T14:58:21","guid":{"rendered":"https:\/\/orheifm.live\/index.php\/2025\/03\/24\/patru-tineri-printre-care-o-minora-retinuti-pentru-santaj-si-rapire-in-chisinau\/"},"modified":"2025-03-24T16:58:21","modified_gmt":"2025-03-24T14:58:21","slug":"patru-tineri-printre-care-o-minora-retinuti-pentru-santaj-si-rapire-in-chisinau","status":"publish","type":"post","link":"https:\/\/orheifm.live\/index.php\/2025\/03\/24\/patru-tineri-printre-care-o-minora-retinuti-pentru-santaj-si-rapire-in-chisinau\/","title":{"rendered":"Patru tineri, printre care o minor\u0103, re\u021binu\u021bi pentru \u0219antaj \u0219i r\u0103pire \u00een Chi\u0219in\u0103u"},"content":{"rendered":"<div>\n<p><strong>Ofi\u021berii sec\u021biei de investigare a infrac\u021biunilor din cadrul Inspectoratului de Poli\u021bie Botanica au re\u021binut patru tineri, printre care \u0219i o minor\u0103, cu v\u00e2rste \u00eentre 17 \u0219i 24 de ani, originari din Chi\u0219in\u0103u, Ialoveni \u0219i Criuleni, fiind suspecta\u021bi de \u0219antaj \u0219i r\u0103pire de persoan\u0103.<\/strong><\/p>\n<p>Incidentul a fost semnalat de o t\u00e2n\u0103r\u0103, care a relatat c\u0103, \u00een timp ce se afla pe strada Trandafirilor din capital\u0103, \u00eempreun\u0103 cu prietenul s\u0103u de 22 de ani, un grup de patru persoane s-a apropiat de ei, aplic\u00e2nd mai multe lovituri \u0219i for\u021b\u00e2ndu-l pe t\u00e2n\u0103r s\u0103 urce \u00eentr-un automobil. Dup\u0103 aceea, suspec\u021bii au plecat \u00eentr-o direc\u021bie necunoscut\u0103.<\/p>\n<p>La scurt timp dup\u0103 r\u0103pire, t\u00e2n\u0103ra a primit un mesaj prin care suspec\u021bii cereau o r\u0103scump\u0103rare de 450 de euro pentru eliberarea victimei. \u00cen urma investiga\u021biilor desf\u0103\u0219urate de poli\u021bi\u0219tii din Botanica \u0219i Direc\u021bia de Poli\u021bie Chi\u0219in\u0103u, cu sprijinul poli\u021bi\u0219tilor de patrulare \u0219i sub coordonarea procurorilor din Oficiul Botanica al Procuraturii Municipiului Chi\u0219in\u0103u, suspec\u021bii au fost localiza\u021bi \u0219i re\u021binu\u021bi. Victima se afla la domiciliul unuia dintre ace\u0219tia.<\/p>\n<p>\u00cen timpul investiga\u021biilor, suspec\u021bii au recunoscut c\u0103 l-au r\u0103pit pe t\u00e2n\u0103r pentru a-\u0219i recupera o sum\u0103 de bani pe care acesta o datora, iar prin ac\u021biunile lor au \u00eencercat s\u0103-\u0219i recupereze datoria.<\/p>\n<p>Tinerii au fost re\u021binu\u021bi pentru 72 de ore, iar minora este cercetat\u0103 \u00een stare de libertate.<\/p>\n<p>Conform legisla\u021biei \u00een vigoare, persoanele g\u0103site vinovate de astfel de infrac\u021biuni risc\u0103 pedeapsa cu \u00eenchisoare \u00eentre 10 \u0219i 13 ani.<\/p>\n<\/div>\n","protected":false},"excerpt":{"rendered":"<div><img loading=\"lazy\" decoding=\"async\" width=\"696\" height=\"392\" src=\"https:\/\/canal5.md\/wp-content\/uploads\/2025\/03\/de18361b48f2cc0d32eead9399ae2c26da296ac40f3817f200c9cdf0247992ab-1024x576-optimized.jpg\" class=\"attachment-large size-large wp-post-image\" alt=\"\" srcset=\"https:\/\/canal5.md\/wp-content\/uploads\/2025\/03\/de18361b48f2cc0d32eead9399ae2c26da296ac40f3817f200c9cdf0247992ab-1024x576-optimized.jpg 1024w, https:\/\/canal5.md\/wp-content\/uploads\/2025\/03\/de18361b48f2cc0d32eead9399ae2c26da296ac40f3817f200c9cdf0247992ab-300x169-optimized.jpg 300w, https:\/\/canal5.md\/wp-content\/uploads\/2025\/03\/de18361b48f2cc0d32eead9399ae2c26da296ac40f3817f200c9cdf0247992ab-768x432-optimized.jpg 768w, https:\/\/canal5.md\/wp-content\/uploads\/2025\/03\/de18361b48f2cc0d32eead9399ae2c26da296ac40f3817f200c9cdf0247992ab-696x392-optimized.jpg 696w, https:\/\/canal5.md\/wp-content\/uploads\/2025\/03\/de18361b48f2cc0d32eead9399ae2c26da296ac40f3817f200c9cdf0247992ab-1068x601-optimized.jpg 1068w, https:\/\/canal5.md\/wp-content\/uploads\/2025\/03\/de18361b48f2cc0d32eead9399ae2c26da296ac40f3817f200c9cdf0247992ab-optimized.jpg 1200w\">Ofi\u021berii sec\u021biei de investigare a infrac\u021biunilor din cadrul Inspectoratului de Poli\u021bie Botanica au re\u021binut patru tineri, printre care \u0219i o minor\u0103, cu v\u00e2rste \u00eentre 17 \u0219i 24 de ani, originari din Chi\u0219in\u0103u, Ialoveni \u0219i Criuleni, fiind suspecta\u021bi de \u0219antaj \u0219i r\u0103pire de persoan\u0103. Incidentul a fost semnalat de o t\u00e2n\u0103r\u0103, care a relatat c\u0103, \u00een [\u2026]<\/div>\n","protected":false},"author":1,"featured_media":69659,"comment_status":"closed","ping_status":"closed","sticky":false,"template":"","format":"standard","meta":{"jnews-multi-image_gallery":[],"jnews_single_post":[],"jnews_primary_category":[],"jnews_social_meta":[],"jnews_override_counter":[],"footnotes":""},"categories":[30],"tags":[],"class_list":["post-69658","post","type-post","status-publish","format-standard","has-post-thumbnail","hentry","category-social_ro"],"_links":{"self":[{"href":"https:\/\/orheifm.live\/index.php\/wp-json\/wp\/v2\/posts\/69658","targetHints":{"allow":["GET"]}}],"collection":[{"href":"https:\/\/orheifm.live\/index.php\/wp-json\/wp\/v2\/posts"}],"about":[{"href":"https:\/\/orheifm.live\/index.php\/wp-json\/wp\/v2\/types\/post"}],"author":[{"embeddable":true,"href":"https:\/\/orheifm.live\/index.php\/wp-json\/wp\/v2\/users\/1"}],"replies":[{"embeddable":true,"href":"https:\/\/orheifm.live\/index.php\/wp-json\/wp\/v2\/comments?post=69658"}],"version-history":[{"count":0,"href":"https:\/\/orheifm.live\/index.php\/wp-json\/wp\/v2\/posts\/69658\/revisions"}],"wp:featuredmedia":[{"embeddable":true,"href":"https:\/\/orheifm.live\/index.php\/wp-json\/wp\/v2\/media\/69659"}],"wp:attachment":[{"href":"https:\/\/orheifm.live\/index.php\/wp-json\/wp\/v2\/media?parent=69658"}],"wp:term":[{"taxonomy":"category","embeddable":true,"href":"https:\/\/orheifm.live\/index.php\/wp-json\/wp\/v2\/categories?post=69658"},{"taxonomy":"post_tag","embeddable":true,"href":"https:\/\/orheifm.live\/index.php\/wp-json\/wp\/v2\/tags?post=69658"}],"curies":[{"name":"wp","href":"https:\/\/api.w.org\/{rel}","templated":true}]}}