{"id":69654,"date":"2025-03-24T15:40:57","date_gmt":"2025-03-24T13:40:57","guid":{"rendered":"https:\/\/orheifm.live\/index.php\/2025\/03\/24\/soferita-troleibuzului-condamnata-la-patru-ani-de-inchisoare-pentru-moartea-fetitei\/"},"modified":"2025-03-24T15:40:57","modified_gmt":"2025-03-24T13:40:57","slug":"soferita-troleibuzului-condamnata-la-patru-ani-de-inchisoare-pentru-moartea-fetitei","status":"publish","type":"post","link":"https:\/\/orheifm.live\/index.php\/2025\/03\/24\/soferita-troleibuzului-condamnata-la-patru-ani-de-inchisoare-pentru-moartea-fetitei\/","title":{"rendered":"\u0218oferi\u021ba troleibuzului, condamnat\u0103 la patru ani de \u00eenchisoare pentru moartea feti\u021bei."},"content":{"rendered":"<div>\n<p><strong>Pe 24 martie 2025 se \u00eemplinesc doi ani de la tragedia \u00een care Anastasia, o feti\u021b\u0103 de 12 ani, a fost lovit\u0103 mortal de un troleibuz pe trecerea de pietoni din sectorul Ciocana, Chi\u0219in\u0103u. Incidentul a avut loc pe strada Mircea cel B\u0103tr\u00e2n, iar conform \u00eenregistr\u0103rilor video, Anastasia traversa strada regulamentar. <\/strong><\/p>\n<p>\u0218oferi\u021ba troleibuzului, o femeie care avea doar c\u00e2teva zile de munc\u0103, a fost re\u021binut\u0103 \u0219i ulterior plasat\u0103 \u00een arest preventiv. Dup\u0103 accident, mama Anastasiei a afirmat c\u0103 \u0219oferi\u021ba nu doar c\u0103 a lovit-o pe feti\u021b\u0103, dar a trecut \u0219i peste ea.<\/p>\n<p>\u00cen 2023, \u0219oferi\u021ba a fost trimis\u0103 \u00een judecat\u0103, unde a recunoscut vina, sus\u021bin\u00e2nd \u00eens\u0103 c\u0103 nu a v\u0103zut feti\u021ba din cauza zonei oarbe. Instan\u021ba a condamnat-o la patru ani de \u00eenchisoare cu executare \u0219i i-a interzis s\u0103 conduc\u0103 vehicule. Mama Anastasiei a declarat c\u0103 nu poate ierta femeia care i-a distrus via\u021ba.<\/p>\n<p>\u00cen septembrie 2023, \u0219oferi\u021ba a contestat sentin\u021ba, afirm\u00e2nd c\u0103 nu merit\u0103 pedeapsa. \u00cen octombrie 2024, dosarul a fost trimis la rejudecare, iar pe 21 noiembrie 2024 urma s\u0103 se pronun\u021be o nou\u0103 sentin\u021b\u0103. Familia Anastasiei continu\u0103 s\u0103 lupte pentru dreptate.<\/p>\n<\/div>\n","protected":false},"excerpt":{"rendered":"<div><img loading=\"lazy\" decoding=\"async\" width=\"696\" height=\"392\" src=\"https:\/\/canal5.md\/wp-content\/uploads\/2025\/03\/cb9ea3813d832c214c21443faa1573d4e4155fd0afc3595eece4ea34f6ac0b43-1-optimized.png\" class=\"attachment-large size-large wp-post-image\" alt=\"\" srcset=\"https:\/\/canal5.md\/wp-content\/uploads\/2025\/03\/cb9ea3813d832c214c21443faa1573d4e4155fd0afc3595eece4ea34f6ac0b43-1-optimized.png 800w, https:\/\/canal5.md\/wp-content\/uploads\/2025\/03\/cb9ea3813d832c214c21443faa1573d4e4155fd0afc3595eece4ea34f6ac0b43-1-300x169-optimized.png 300w, https:\/\/canal5.md\/wp-content\/uploads\/2025\/03\/cb9ea3813d832c214c21443faa1573d4e4155fd0afc3595eece4ea34f6ac0b43-1-768x432-optimized.png 768w, https:\/\/canal5.md\/wp-content\/uploads\/2025\/03\/cb9ea3813d832c214c21443faa1573d4e4155fd0afc3595eece4ea34f6ac0b43-1-696x392-optimized.png 696w\">Pe 24 martie 2025 se \u00eemplinesc doi ani de la tragedia \u00een care Anastasia, o feti\u021b\u0103 de 12 ani, a fost lovit\u0103 mortal de un troleibuz pe trecerea de pietoni din sectorul Ciocana, Chi\u0219in\u0103u. Incidentul a avut loc pe strada Mircea cel B\u0103tr\u00e2n, iar conform \u00eenregistr\u0103rilor video, Anastasia traversa strada regulamentar. \u0218oferi\u021ba troleibuzului, o femeie [\u2026]<\/div>\n","protected":false},"author":1,"featured_media":69655,"comment_status":"closed","ping_status":"closed","sticky":false,"template":"","format":"standard","meta":{"jnews-multi-image_gallery":[],"jnews_single_post":[],"jnews_primary_category":[],"jnews_social_meta":[],"jnews_override_counter":[],"footnotes":""},"categories":[30],"tags":[],"class_list":["post-69654","post","type-post","status-publish","format-standard","has-post-thumbnail","hentry","category-social_ro"],"_links":{"self":[{"href":"https:\/\/orheifm.live\/index.php\/wp-json\/wp\/v2\/posts\/69654","targetHints":{"allow":["GET"]}}],"collection":[{"href":"https:\/\/orheifm.live\/index.php\/wp-json\/wp\/v2\/posts"}],"about":[{"href":"https:\/\/orheifm.live\/index.php\/wp-json\/wp\/v2\/types\/post"}],"author":[{"embeddable":true,"href":"https:\/\/orheifm.live\/index.php\/wp-json\/wp\/v2\/users\/1"}],"replies":[{"embeddable":true,"href":"https:\/\/orheifm.live\/index.php\/wp-json\/wp\/v2\/comments?post=69654"}],"version-history":[{"count":0,"href":"https:\/\/orheifm.live\/index.php\/wp-json\/wp\/v2\/posts\/69654\/revisions"}],"wp:featuredmedia":[{"embeddable":true,"href":"https:\/\/orheifm.live\/index.php\/wp-json\/wp\/v2\/media\/69655"}],"wp:attachment":[{"href":"https:\/\/orheifm.live\/index.php\/wp-json\/wp\/v2\/media?parent=69654"}],"wp:term":[{"taxonomy":"category","embeddable":true,"href":"https:\/\/orheifm.live\/index.php\/wp-json\/wp\/v2\/categories?post=69654"},{"taxonomy":"post_tag","embeddable":true,"href":"https:\/\/orheifm.live\/index.php\/wp-json\/wp\/v2\/tags?post=69654"}],"curies":[{"name":"wp","href":"https:\/\/api.w.org\/{rel}","templated":true}]}}