{"id":69652,"date":"2025-03-24T15:36:42","date_gmt":"2025-03-24T13:36:42","guid":{"rendered":"https:\/\/orheifm.live\/index.php\/2025\/03\/24\/stoluri-de-cocostarci-surprinse-in-localitatile-din-centrul-tarii\/"},"modified":"2025-03-24T15:36:42","modified_gmt":"2025-03-24T13:36:42","slug":"stoluri-de-cocostarci-surprinse-in-localitatile-din-centrul-tarii","status":"publish","type":"post","link":"https:\/\/orheifm.live\/index.php\/2025\/03\/24\/stoluri-de-cocostarci-surprinse-in-localitatile-din-centrul-tarii\/","title":{"rendered":"Stoluri de cocost\u00e2rci surprinse \u00een localit\u0103\u021bile din centrul \u021b\u0103rii"},"content":{"rendered":"<div>\n<p><strong>Cocost\u00e2rcii au revenit \u00een zona noastr\u0103. Conform imaginilor video postate pe re\u021belele sociale, mai multe stoluri au fost observate \u00een diverse localit\u0103\u021bi din centrul \u021b\u0103rii. <\/strong><\/p>\n<p>\u00cen comentarii, utilizatorii au men\u021bionat c\u0103 stoluri de cocost\u00e2rci au fost v\u0103zute \u00een mai multe localit\u0103\u021bi din \u00eentreaga \u021bar\u0103<\/p>\n<p>Internau\u021bii au reac\u021bionat entuziasma\u021bi: \u201eDoamne, e un miracol\u201d; \u201eEi ne aduc pacea \u0219i trebuie s\u0103 avem grij\u0103 de ei\u201d; \u201eCe frumos\u201d.<\/p>\n<\/div>\n","protected":false},"excerpt":{"rendered":"<div><img loading=\"lazy\" decoding=\"async\" width=\"696\" height=\"458\" src=\"https:\/\/canal5.md\/wp-content\/uploads\/2025\/03\/805004-optimized.webp\" class=\"attachment-large size-large wp-post-image\" alt=\"\" srcset=\"https:\/\/canal5.md\/wp-content\/uploads\/2025\/03\/805004-optimized.webp 760w, https:\/\/canal5.md\/wp-content\/uploads\/2025\/03\/805004-300x197-optimized.webp 300w, https:\/\/canal5.md\/wp-content\/uploads\/2025\/03\/805004-696x458-optimized.webp 696w\">Cocost\u00e2rcii au revenit \u00een zona noastr\u0103. Conform imaginilor video postate pe re\u021belele sociale, mai multe stoluri au fost observate \u00een diverse localit\u0103\u021bi din centrul \u021b\u0103rii. \u00cen comentarii, utilizatorii au men\u021bionat c\u0103 stoluri de cocost\u00e2rci au fost v\u0103zute \u00een mai multe localit\u0103\u021bi din \u00eentreaga \u021bar\u0103 Internau\u021bii au reac\u021bionat entuziasma\u021bi: \u201eDoamne, e un miracol\u201d; \u201eEi ne aduc [\u2026]<\/div>\n","protected":false},"author":1,"featured_media":69653,"comment_status":"closed","ping_status":"closed","sticky":false,"template":"","format":"standard","meta":{"jnews-multi-image_gallery":[],"jnews_single_post":[],"jnews_primary_category":[],"jnews_social_meta":[],"jnews_override_counter":[],"footnotes":""},"categories":[30],"tags":[],"class_list":["post-69652","post","type-post","status-publish","format-standard","has-post-thumbnail","hentry","category-social_ro"],"_links":{"self":[{"href":"https:\/\/orheifm.live\/index.php\/wp-json\/wp\/v2\/posts\/69652","targetHints":{"allow":["GET"]}}],"collection":[{"href":"https:\/\/orheifm.live\/index.php\/wp-json\/wp\/v2\/posts"}],"about":[{"href":"https:\/\/orheifm.live\/index.php\/wp-json\/wp\/v2\/types\/post"}],"author":[{"embeddable":true,"href":"https:\/\/orheifm.live\/index.php\/wp-json\/wp\/v2\/users\/1"}],"replies":[{"embeddable":true,"href":"https:\/\/orheifm.live\/index.php\/wp-json\/wp\/v2\/comments?post=69652"}],"version-history":[{"count":0,"href":"https:\/\/orheifm.live\/index.php\/wp-json\/wp\/v2\/posts\/69652\/revisions"}],"wp:featuredmedia":[{"embeddable":true,"href":"https:\/\/orheifm.live\/index.php\/wp-json\/wp\/v2\/media\/69653"}],"wp:attachment":[{"href":"https:\/\/orheifm.live\/index.php\/wp-json\/wp\/v2\/media?parent=69652"}],"wp:term":[{"taxonomy":"category","embeddable":true,"href":"https:\/\/orheifm.live\/index.php\/wp-json\/wp\/v2\/categories?post=69652"},{"taxonomy":"post_tag","embeddable":true,"href":"https:\/\/orheifm.live\/index.php\/wp-json\/wp\/v2\/tags?post=69652"}],"curies":[{"name":"wp","href":"https:\/\/api.w.org\/{rel}","templated":true}]}}