{"id":69650,"date":"2025-03-24T15:18:31","date_gmt":"2025-03-24T13:18:31","guid":{"rendered":"https:\/\/orheifm.live\/index.php\/2025\/03\/24\/matusa-alisei-fetita-abuzata-critica-decizia-asistentei-sociale-de-a-permite-vizite-din-partea-mamei\/"},"modified":"2025-03-24T15:18:31","modified_gmt":"2025-03-24T13:18:31","slug":"matusa-alisei-fetita-abuzata-critica-decizia-asistentei-sociale-de-a-permite-vizite-din-partea-mamei","status":"publish","type":"post","link":"https:\/\/orheifm.live\/index.php\/2025\/03\/24\/matusa-alisei-fetita-abuzata-critica-decizia-asistentei-sociale-de-a-permite-vizite-din-partea-mamei\/","title":{"rendered":"M\u0103tu\u0219a Alisei, feti\u021ba abuzat\u0103, critic\u0103 decizia asisten\u021bei sociale de a permite vizite din partea mamei"},"content":{"rendered":"<div>\n<p><strong>M\u0103tu\u0219a Alisei, feti\u021ba de 1 an \u0219i 2 luni abuzat\u0103 de mama sa, \u00ee\u0219i exprim\u0103 indignarea fa\u021b\u0103 de decizia asisten\u021bei sociale de a permite mamei s\u0103 o viziteze pe micu\u021b\u0103. \u201eAlisa era un copil extrem de traumatizat \u0219i speriat. <\/strong><\/p>\n<p>A fost nevoie de mult timp pentru ca ea s\u0103 \u00eenceap\u0103 s\u0103 z\u00e2mbeasc\u0103, iar acum ni se impune s\u0103 o expunem din nou riscului. Sper ca autorit\u0103\u021bile s\u0103 ia m\u0103suri corecte \u0219i s\u0103 nu permit\u0103 revenirea \u00een via\u021ba Alisei a unei persoane care nu poate fi schimbat\u0103 \u0219i care vrea doar r\u0103zbunare\u201d, a declarat m\u0103tu\u0219a.<\/p>\n<p>Aceasta a mai subliniat c\u0103 Alisa tr\u0103ie\u0219te \u00eentr-un mediu calm \u0219i plin de dragoste, dar c\u0103, din p\u0103cate, exist\u0103 persoane care au ascuns abuzurile mamei \u0219i care au mituit institu\u021biile pentru a mu\u0219amaliza cazul. M\u0103tu\u0219a a cerut ca justi\u021bia s\u0103 ia decizii care s\u0103 protejeze copilul \u0219i nu infractorii, critic\u00e2nd corup\u021bia din sistem \u0219i faptul c\u0103 persoanele care abuzeaz\u0103 de copii r\u0103m\u00e2n libere, \u00een timp ce alte infrac\u021biuni sunt pedepsite sever. \u201eTrebuie s\u0103 lu\u0103m decizii care s\u0103 protejeze copiii, nu criminalii\u201d, a ad\u0103ugat ea.<\/p>\n<\/div>\n","protected":false},"excerpt":{"rendered":"<div><img loading=\"lazy\" decoding=\"async\" width=\"696\" height=\"392\" src=\"https:\/\/canal5.md\/wp-content\/uploads\/2025\/03\/d7e6443334d0a71d49281301c66117d9b6cbe7d535484b4d5e19ba1b80315f7d-optimized.png\" class=\"attachment-large size-large wp-post-image\" alt=\"\" srcset=\"https:\/\/canal5.md\/wp-content\/uploads\/2025\/03\/d7e6443334d0a71d49281301c66117d9b6cbe7d535484b4d5e19ba1b80315f7d-optimized.png 800w, https:\/\/canal5.md\/wp-content\/uploads\/2025\/03\/d7e6443334d0a71d49281301c66117d9b6cbe7d535484b4d5e19ba1b80315f7d-300x169-optimized.png 300w, https:\/\/canal5.md\/wp-content\/uploads\/2025\/03\/d7e6443334d0a71d49281301c66117d9b6cbe7d535484b4d5e19ba1b80315f7d-768x432-optimized.png 768w, https:\/\/canal5.md\/wp-content\/uploads\/2025\/03\/d7e6443334d0a71d49281301c66117d9b6cbe7d535484b4d5e19ba1b80315f7d-696x392-optimized.png 696w\">M\u0103tu\u0219a Alisei, feti\u021ba de 1 an \u0219i 2 luni abuzat\u0103 de mama sa, \u00ee\u0219i exprim\u0103 indignarea fa\u021b\u0103 de decizia asisten\u021bei sociale de a permite mamei s\u0103 o viziteze pe micu\u021b\u0103. \u201eAlisa era un copil extrem de traumatizat \u0219i speriat. A fost nevoie de mult timp pentru ca ea s\u0103 \u00eenceap\u0103 s\u0103 z\u00e2mbeasc\u0103, iar acum ni [\u2026]<\/div>\n","protected":false},"author":1,"featured_media":69651,"comment_status":"closed","ping_status":"closed","sticky":false,"template":"","format":"standard","meta":{"jnews-multi-image_gallery":[],"jnews_single_post":[],"jnews_primary_category":[],"jnews_social_meta":[],"jnews_override_counter":[],"footnotes":""},"categories":[30],"tags":[],"class_list":["post-69650","post","type-post","status-publish","format-standard","has-post-thumbnail","hentry","category-social_ro"],"_links":{"self":[{"href":"https:\/\/orheifm.live\/index.php\/wp-json\/wp\/v2\/posts\/69650","targetHints":{"allow":["GET"]}}],"collection":[{"href":"https:\/\/orheifm.live\/index.php\/wp-json\/wp\/v2\/posts"}],"about":[{"href":"https:\/\/orheifm.live\/index.php\/wp-json\/wp\/v2\/types\/post"}],"author":[{"embeddable":true,"href":"https:\/\/orheifm.live\/index.php\/wp-json\/wp\/v2\/users\/1"}],"replies":[{"embeddable":true,"href":"https:\/\/orheifm.live\/index.php\/wp-json\/wp\/v2\/comments?post=69650"}],"version-history":[{"count":0,"href":"https:\/\/orheifm.live\/index.php\/wp-json\/wp\/v2\/posts\/69650\/revisions"}],"wp:featuredmedia":[{"embeddable":true,"href":"https:\/\/orheifm.live\/index.php\/wp-json\/wp\/v2\/media\/69651"}],"wp:attachment":[{"href":"https:\/\/orheifm.live\/index.php\/wp-json\/wp\/v2\/media?parent=69650"}],"wp:term":[{"taxonomy":"category","embeddable":true,"href":"https:\/\/orheifm.live\/index.php\/wp-json\/wp\/v2\/categories?post=69650"},{"taxonomy":"post_tag","embeddable":true,"href":"https:\/\/orheifm.live\/index.php\/wp-json\/wp\/v2\/tags?post=69650"}],"curies":[{"name":"wp","href":"https:\/\/api.w.org\/{rel}","templated":true}]}}