{"id":69648,"date":"2025-03-24T15:00:15","date_gmt":"2025-03-24T13:00:15","guid":{"rendered":"https:\/\/orheifm.live\/index.php\/2025\/03\/24\/incendiu-la-internatul-psihoneurologic-din-bender\/"},"modified":"2025-03-24T15:00:15","modified_gmt":"2025-03-24T13:00:15","slug":"incendiu-la-internatul-psihoneurologic-din-bender","status":"publish","type":"post","link":"https:\/\/orheifm.live\/index.php\/2025\/03\/24\/incendiu-la-internatul-psihoneurologic-din-bender\/","title":{"rendered":"Incendiu la Internatul Psihoneurologic din Bender"},"content":{"rendered":"<div>\n<p><strong>Un incendiu puternic a izbucnit la Internatul Psihoneurologic din Bender, pe 23 martie, din cauza fumatului neglijent. <\/strong><\/p>\n<p>Angaja\u021bii institu\u021biei au \u00eencercat s\u0103 sting\u0103 fl\u0103c\u0103rile, care au cuprins subsolul, dar au intervenit rapid dou\u0103 echipaje de pompieri.<\/p>\n<p>Ace\u0219tia au evacuat 100 de persoane. Cauza preliminar\u0103 a incendiului este fumatul neglijent al unei persoane necunoscute.<\/p>\n<\/div>\n","protected":false},"excerpt":{"rendered":"<div><img loading=\"lazy\" decoding=\"async\" width=\"696\" height=\"392\" src=\"https:\/\/canal5.md\/wp-content\/uploads\/2025\/03\/acb00c8313d7878845472a50db0393d511e55e9e0c18fbce1ca0ee2f8793f5c0-1-optimized.png\" class=\"attachment-large size-large wp-post-image\" alt=\"\" srcset=\"https:\/\/canal5.md\/wp-content\/uploads\/2025\/03\/acb00c8313d7878845472a50db0393d511e55e9e0c18fbce1ca0ee2f8793f5c0-1-optimized.png 800w, https:\/\/canal5.md\/wp-content\/uploads\/2025\/03\/acb00c8313d7878845472a50db0393d511e55e9e0c18fbce1ca0ee2f8793f5c0-1-300x169-optimized.png 300w, https:\/\/canal5.md\/wp-content\/uploads\/2025\/03\/acb00c8313d7878845472a50db0393d511e55e9e0c18fbce1ca0ee2f8793f5c0-1-768x432-optimized.png 768w, https:\/\/canal5.md\/wp-content\/uploads\/2025\/03\/acb00c8313d7878845472a50db0393d511e55e9e0c18fbce1ca0ee2f8793f5c0-1-696x392-optimized.png 696w\">Un incendiu puternic a izbucnit la Internatul Psihoneurologic din Bender, pe 23 martie, din cauza fumatului neglijent. Angaja\u021bii institu\u021biei au \u00eencercat s\u0103 sting\u0103 fl\u0103c\u0103rile, care au cuprins subsolul, dar au intervenit rapid dou\u0103 echipaje de pompieri. Ace\u0219tia au evacuat 100 de persoane. Cauza preliminar\u0103 a incendiului este fumatul neglijent al unei persoane necunoscute.<\/div>\n","protected":false},"author":1,"featured_media":69649,"comment_status":"closed","ping_status":"closed","sticky":false,"template":"","format":"standard","meta":{"jnews-multi-image_gallery":[],"jnews_single_post":[],"jnews_primary_category":[],"jnews_social_meta":[],"jnews_override_counter":[],"footnotes":""},"categories":[30],"tags":[],"class_list":["post-69648","post","type-post","status-publish","format-standard","has-post-thumbnail","hentry","category-social_ro"],"_links":{"self":[{"href":"https:\/\/orheifm.live\/index.php\/wp-json\/wp\/v2\/posts\/69648","targetHints":{"allow":["GET"]}}],"collection":[{"href":"https:\/\/orheifm.live\/index.php\/wp-json\/wp\/v2\/posts"}],"about":[{"href":"https:\/\/orheifm.live\/index.php\/wp-json\/wp\/v2\/types\/post"}],"author":[{"embeddable":true,"href":"https:\/\/orheifm.live\/index.php\/wp-json\/wp\/v2\/users\/1"}],"replies":[{"embeddable":true,"href":"https:\/\/orheifm.live\/index.php\/wp-json\/wp\/v2\/comments?post=69648"}],"version-history":[{"count":0,"href":"https:\/\/orheifm.live\/index.php\/wp-json\/wp\/v2\/posts\/69648\/revisions"}],"wp:featuredmedia":[{"embeddable":true,"href":"https:\/\/orheifm.live\/index.php\/wp-json\/wp\/v2\/media\/69649"}],"wp:attachment":[{"href":"https:\/\/orheifm.live\/index.php\/wp-json\/wp\/v2\/media?parent=69648"}],"wp:term":[{"taxonomy":"category","embeddable":true,"href":"https:\/\/orheifm.live\/index.php\/wp-json\/wp\/v2\/categories?post=69648"},{"taxonomy":"post_tag","embeddable":true,"href":"https:\/\/orheifm.live\/index.php\/wp-json\/wp\/v2\/tags?post=69648"}],"curies":[{"name":"wp","href":"https:\/\/api.w.org\/{rel}","templated":true}]}}