{"id":69646,"date":"2025-03-24T14:58:07","date_gmt":"2025-03-24T12:58:07","guid":{"rendered":"https:\/\/orheifm.live\/index.php\/2025\/03\/24\/depunere-de-flori-si-dansuri-in-drochia-reprezentantii-blocului-victorie-au-omagiat-eroii-cazuti-in-razboi\/"},"modified":"2025-03-24T14:58:07","modified_gmt":"2025-03-24T12:58:07","slug":"depunere-de-flori-si-dansuri-in-drochia-reprezentantii-blocului-victorie-au-omagiat-eroii-cazuti-in-razboi","status":"publish","type":"post","link":"https:\/\/orheifm.live\/index.php\/2025\/03\/24\/depunere-de-flori-si-dansuri-in-drochia-reprezentantii-blocului-victorie-au-omagiat-eroii-cazuti-in-razboi\/","title":{"rendered":"Depunere de flori \u0219i dansuri \u00een Drochia: Reprezentan\u021bii Blocului \u201eVictorie\u201d au omagiat eroii c\u0103zu\u021bi \u00een r\u0103zboi"},"content":{"rendered":"<div>\n<p><strong>Reprezentan\u021bii Blocului \u201eVictorie\u201d \u00eempreun\u0103 cu locuitorii din Drochia au onorat memoria eroilor care au luptat pentru pace \u0219i eliberare \u00een Marele R\u0103zboi Pentru Ap\u0103rarea Patriei. \u00cen semn de recuno\u0219tin\u021b\u0103, ei au depus flori la monumentul solda\u021bilor-eliberatori, iar activi\u0219tii forma\u021biunii au dansat \u00een cinstea celor care au luptat pentru Patrie. Mai mult, deputa\u021bii grupului parlamentar \u201eVictoriei\u201d au mers \u00een vizit\u0103 la veteranul de r\u0103zboi Dmitrii Corolenco pentru a-i transmite cadouri \u0219i cuvinte de profund\u0103 recuno\u0219tin\u021b\u0103.<\/strong><br \/>\n<iframe loading=\"lazy\" title=\"YouTube video player\" src=\"https:\/\/www.youtube.com\/embed\/O65NApNJ9h0?si=I5JlYt-gEbbgUKpS\" width=\"560\" height=\"315\" frameborder=\"0\" allowfullscreen=\"allowfullscreen\"><\/iframe><\/p>\n<p>Reprezentan\u021bii blocului \u201eVictorie\u201d, al\u0103turi de locuitorii din Drochia, au mers \u00een coloan\u0103 spre memorialul osta\u0219ilor eliberatori. Ei au depus buchete de flori pe fundalul melodiei legendare \u201eKatiu\u0219a\u201d,<br \/>\nIar tinerii participan\u021bi au dansat pe ritmurile c\u00e2ntecelor victoriei, readuc\u00e2nd \u00een memorie trecutul eroic al poporului sovietic.<\/p>\n<p>Deputatul Reghina Apostolova a declarat c\u0103 datorit\u0103 eroilor care au ap\u0103rat grani\u021bele \u0219i, inclusiv, Republica Moldova, ast\u0103zi ne putem bucura de zile senine.<\/p>\n<p>REGHINA APOSTOLOVA, deputat Blocul \u201dVictorie\u201d<\/p>\n<p>Cel mai scump ce are omul este via\u021ba. Acum 80 de ani, trupele sovietice au eliberat Republica Moldova \u0219i jum\u0103tate de Europ\u0103, pentru ca via\u021ba oamenilor din aceste regiuni \u0219i a celor de pe \u00eentregul continent European s\u0103 fie liber\u0103 \u0219i noi cu dvs. s\u0103 tr\u0103im sub un cer senin.<\/p>\n<p>Mai apoi, deputa\u021bii Blocului l-au felicitat veteranul Marelui R\u0103zboi pentru Ap\u0103rarea Patriei, Dmitri Nicolaevici Korolenko. El a plecat pe front la doar 18 ani \u0219i a trecut prin toate greut\u0103\u021bile r\u0103zboiului. \u00cen semn de recuno\u0219tin\u021b\u0103, veteranul a primit flori \u0219i un pachet cu produse alimentare din partea echipei lui Ilan \u0218or.<\/p>\n<p>VASILE BOLEA, pre\u0219edintele grupului parlamentar \u201dVictorie\u201d<\/p>\n<p>I-am urat \u201dLa mul\u021bi ani\u201d \u0219i s\u0103n\u0103tate. \u00cen \u021bar\u0103 au mai r\u0103mas 24 de veterani ai r\u0103zboiului, ei \u00eencet se duc din via\u021b\u0103, dar noi trebuie s\u0103 p\u0103str\u0103m memoria acelor veterani care prin vitejie \u0219i jertf\u0103 au f\u0103cut tot posibilul ca genera\u021bia noastr\u0103 s\u0103 tr\u0103iasc\u0103 \u00een pace.<\/p>\n<p>REGHINA APOSTOLOVA, deputat Blocul \u201dVictorie\u201d<br \/>\nAcesta este un om cu o istorie excelent\u0103 de munc\u0103 \u2013 de\u021bin\u0103tor al ordinului \u201eDrapelul Ro\u0219u de Lupt\u0103\u201d, de\u021bin\u0103tor al ordinului Republicii Moldova. Omul care merit\u0103 toate onorurile cu care venim la el .<\/p>\n<p>Ziua de comemorare s-a \u00eencheiat cu ac\u021biunea \u201eLum\u00e2narea Memoriei\u201d, desf\u0103\u0219urat\u0103 la apus, c\u00e2nd to\u021bi cei prezen\u021bi au p\u0103strat un moment de reculegere \u00een amintirea celor care \u0219i-au dat via\u021ba pentru Victorie .<\/p>\n<p>IURII VITNEANSCHI, activist Blocul \u201eVictorie<\/p>\n<p>\u00cen centrul ora\u0219ului, l\u00e2ng\u0103 monumentul solda\u021bilor eliberatori, am aprins c\u00e2teva mii de lum\u00e2n\u0103ri. Astfel, vrem s\u0103 reamintim locuitorilor, noilor genera\u021bii, evenimentele groaznice care au avut loc \u00eentre 1941 \u0219i 1945. Ne dorim ca pove\u0219tile bunicilor \u0219i str\u0103bunicilor no\u0219tri s\u0103 fie transmise din genera\u021bie \u00een genera\u021bie.<\/p>\n<p>Amintim c\u0103, \u00een februarie, deputa\u021bii grupului<br \/>\nparlamentar \u201eVictorie\u201d s-au adresat Parlamentului cu ini\u021biativa de a organiza s\u0103rb\u0103tori de amploare cu ocazia celei de-a 80-a anivers\u0103ri<\/p>\n<p>a Marii Victorii asupra fascismului. Cu toate acestea, majoritatea parlamentar\u0103 PAS nu a sus\u021binut aceast\u0103 propunere. Totu\u0219i, Blocul \u201eVictorie\u201d a planificat s\u0103 organizeze numeroase evenimente \u00een \u00eentreaga \u021bar\u0103, dedicate anivers\u0103rii eliber\u0103rii de sub jugul fascismului. \u00cen plus, Executivul G\u0103g\u0103uziei a luat decizia de a declara anul 2025 drept \u201eAnul celor 80 de ani de la Victorie \u00een Marele R\u0103zboi pentru Ap\u0103rarea Patriei.<\/p>\n<\/div>\n","protected":false},"excerpt":{"rendered":"<div><img loading=\"lazy\" decoding=\"async\" width=\"656\" height=\"366\" src=\"https:\/\/canal5.md\/wp-content\/uploads\/2025\/03\/snimok-ekrana_24-3-2025_145750_www.youtube.com_-optimized.jpeg\" class=\"attachment-large size-large wp-post-image\" alt=\"\" srcset=\"https:\/\/canal5.md\/wp-content\/uploads\/2025\/03\/snimok-ekrana_24-3-2025_145750_www.youtube.com_-optimized.jpeg 656w, https:\/\/canal5.md\/wp-content\/uploads\/2025\/03\/snimok-ekrana_24-3-2025_145750_www.youtube.com_-300x167-optimized.jpeg 300w\">Reprezentan\u021bii Blocului \u201eVictorie\u201d \u00eempreun\u0103 cu locuitorii din Drochia au onorat memoria eroilor care au luptat pentru pace \u0219i eliberare \u00een Marele R\u0103zboi Pentru Ap\u0103rarea Patriei. \u00cen semn de recuno\u0219tin\u021b\u0103, ei au depus flori la monumentul solda\u021bilor-eliberatori, iar activi\u0219tii forma\u021biunii au dansat \u00een cinstea celor care au luptat pentru Patrie. Mai mult, deputa\u021bii grupului parlamentar \u201eVictoriei\u201d [\u2026]<\/div>\n","protected":false},"author":1,"featured_media":69647,"comment_status":"closed","ping_status":"closed","sticky":false,"template":"","format":"standard","meta":{"jnews-multi-image_gallery":[],"jnews_single_post":[],"jnews_primary_category":[],"jnews_social_meta":[],"jnews_override_counter":[],"footnotes":""},"categories":[30],"tags":[],"class_list":["post-69646","post","type-post","status-publish","format-standard","has-post-thumbnail","hentry","category-social_ro"],"_links":{"self":[{"href":"https:\/\/orheifm.live\/index.php\/wp-json\/wp\/v2\/posts\/69646","targetHints":{"allow":["GET"]}}],"collection":[{"href":"https:\/\/orheifm.live\/index.php\/wp-json\/wp\/v2\/posts"}],"about":[{"href":"https:\/\/orheifm.live\/index.php\/wp-json\/wp\/v2\/types\/post"}],"author":[{"embeddable":true,"href":"https:\/\/orheifm.live\/index.php\/wp-json\/wp\/v2\/users\/1"}],"replies":[{"embeddable":true,"href":"https:\/\/orheifm.live\/index.php\/wp-json\/wp\/v2\/comments?post=69646"}],"version-history":[{"count":0,"href":"https:\/\/orheifm.live\/index.php\/wp-json\/wp\/v2\/posts\/69646\/revisions"}],"wp:featuredmedia":[{"embeddable":true,"href":"https:\/\/orheifm.live\/index.php\/wp-json\/wp\/v2\/media\/69647"}],"wp:attachment":[{"href":"https:\/\/orheifm.live\/index.php\/wp-json\/wp\/v2\/media?parent=69646"}],"wp:term":[{"taxonomy":"category","embeddable":true,"href":"https:\/\/orheifm.live\/index.php\/wp-json\/wp\/v2\/categories?post=69646"},{"taxonomy":"post_tag","embeddable":true,"href":"https:\/\/orheifm.live\/index.php\/wp-json\/wp\/v2\/tags?post=69646"}],"curies":[{"name":"wp","href":"https:\/\/api.w.org\/{rel}","templated":true}]}}