{"id":69642,"date":"2025-03-24T14:56:22","date_gmt":"2025-03-24T12:56:22","guid":{"rendered":"https:\/\/orheifm.live\/index.php\/2025\/03\/24\/procurorii-au-recunoscut-greseli-in-dosarul-evgheniei-gutul-si-svetlanei-popan\/"},"modified":"2025-03-24T14:56:22","modified_gmt":"2025-03-24T12:56:22","slug":"procurorii-au-recunoscut-greseli-in-dosarul-evgheniei-gutul-si-svetlanei-popan","status":"publish","type":"post","link":"https:\/\/orheifm.live\/index.php\/2025\/03\/24\/procurorii-au-recunoscut-greseli-in-dosarul-evgheniei-gutul-si-svetlanei-popan\/","title":{"rendered":"Procurorii au recunoscut gre\u0219eli \u00een dosarul Evgheniei Gu\u021bul \u0219i Svetlanei Popan"},"content":{"rendered":"<div>\n<p><strong>Procurorii au recunoscut c\u0103 s-au f\u0103cut gre\u0219eli \u00een dosarul penal instrumentat ba\u0219canului G\u0103g\u0103uziei, Evghenia Gu\u021bul \u0219i a activistei Svetlana Popan. O spune guvernatorul cu referire la afirma\u021bii pe care acuzatorii le-au f\u0103cut \u00een cadrul \u0219edin\u021bei. Potrivit Evgheniei Gu\u021bul, \u00eentreg procesul nu reprezint\u0103 altceva dec\u00e2t o eroare \u0219i un circ. Ea a men\u021bionat despre aceste lucru la \u0219edin\u021ba de luni, 24 martie.<\/strong><br \/>\n<iframe loading=\"lazy\" title=\"YouTube video player\" src=\"https:\/\/www.youtube.com\/embed\/eh7buZO4IwU?si=oJOoGibWKjsMOshm\" width=\"560\" height=\"315\" frameborder=\"0\" allowfullscreen=\"allowfullscreen\"><\/iframe><\/p>\n<p>EVGHENIA GU\u021aUL, ba\u0219canul G\u0103g\u0103uziei<br \/>\nPractic, pe parcursul \u00eentregii \u0219edin\u021be, procurorii ne-au prezentat cifre<br \/>\nconform c\u0103rora, se presupune c\u0103 a\u0219 fi contribuit la finan\u021barea partidului \u0219i c\u0103 a\u0219 avea 42 de milioane, a\u0219a cum este indicat \u00een materialele dosarului. Vreau s\u0103 spun c\u0103, \u00een sf\u00e2r\u0219it, ast\u0103zi s-a pus punct acestui subiect, deoarece, timp de trei \u0219edin\u021be, procurorii nu au reu\u0219it s\u0103 demonstreze sau s\u0103 justifice aceste cifre. Ast\u0103zi au recunoscut c\u0103 exist\u0103 erori, sus\u021bin\u00e2nd c\u0103 ar fi fost gre\u0219eli matematice. Totu\u0219i, pot afirma cu certitudine c\u0103 acest dosar penal este o mare gre\u0219eal\u0103 de la un cap\u0103t la altul. Dac\u0103 s-ar analiza mai profund materialele acestui dosar, sunt sigur\u0103 c\u0103, \u00eentr-un sistem de justi\u021bie corect, cazul ar trebui s\u0103 fie \u00eenchis.<\/p>\n<p>De asemenea, procurorii nu au adus to\u021bi martorii, renun\u021b\u00e2nd la unii dintre ei, \u00eenc\u0103lc\u00e2nd astfel Codul de procedur\u0103 penal\u0103. Acest lucru demonstreaz\u0103 \u00eenc\u0103 o dat\u0103 c\u0103 \u00eencearc\u0103 s\u0103 ascund\u0103 falsitatea din acest dosar, a mai declarat Evghenia Gu\u021bul.<\/p>\n<p>EVGHENIA GU\u021aUL, ba\u0219canul G\u0103g\u0103uziei<br \/>\nO fost coleg\u0103 a mea, care tocmai a fost interogat\u0103 de procurori, a<br \/>\nfost am\u00e2nat\u0103 pentru urm\u0103toarea audiere, astfel \u00eenc\u00e2t s\u0103-i fie date \u00eentreb\u0103ri \u0219i din partea ap\u0103r\u0103torilor no\u0219tri\u2026, p\u0103i, iat\u0103, procurorii \u00eencearc\u0103 s\u0103 scape \u0219i de ea, pentru c\u0103 avem foarte multe \u00eentreb\u0103ri, iar acest lucru dovede\u0219te c\u0103 de fiecare dat\u0103 procurorii \u00eencearc\u0103 s\u0103 fac\u0103 a\u0219a \u00eenc\u00e2t s\u0103 nu putem demonstra tot acest fals care are loc. De asemenea, un alt martor din ora\u0219ul B\u0103l\u021bi, care trebuia \u0219i ea s\u0103 depun\u0103 m\u0103rturie, este, de asemenea, respins de procurori, \u00eenc\u0103lc\u00e2nd astfel Codul de procedur\u0103 penal\u0103.<\/p>\n<p>Avocatul ba\u0219canului a afirmat, la r\u00e2ndul s\u0103u, c\u0103 \u0219edin\u021ba a avut loc cu numeroase \u00eenc\u0103lc\u0103ri din partea procurorilor.<\/p>\n<p>SERGIU MORARU, avocat<br \/>\nNu am finalizat etapa de audiere a martorilor acuz\u0103rii \u0219i, \u00een mod<br \/>\nilegal, s-a dispus trecerea direct\u0103 la audierea martorilor ap\u0103r\u0103rii. Astfel de ac\u021biuni nu sunt acceptabile. Instan\u021ba stabilise de la \u00eenceput modul de examinare a probelor. Un alt aspect se refer\u0103 la faptul c\u0103 procurorul a prezentat un act pe care nu are competen\u021ba s\u0103-l \u00eentocmeasc\u0103 \u00een etapa cercet\u0103rii probelor, respectiv procese verbale de corectare a erorilor constatate la efectuarea calculelor, erori materiale care ar fi fost admise de un ofi\u021ber de urm\u0103rire penal\u0103. \u00cen primul r\u00e2nd, procurorul nu poate corecta actele emise de un ofi\u021ber de urm\u0103rire penal\u0103; el poate corecta doar actele proprii. \u00cen al doilea r\u00e2nd, nu are dreptul s\u0103 fac\u0103 astfel de corect\u0103ri, av\u00e2nd \u00een vedere c\u0103 dosarul a fost transmis \u00een instan\u021ba de judecat\u0103 de mai bine de un an.<\/p>\n<p>\u00cen fa\u021ba cl\u0103dirii instan\u021bei din sectorul Buiucani al capitalei s- au adunat mai mul\u021bi oameni, dar \u0219i activi\u0219ti civici pentru a o sus\u021bine pe Ba\u0219canul G\u0103g\u0103uziei, Evghenia Gu\u021bul.<\/p>\n<p>IVAN GUCCI, activist civic<br \/>\nAtunci c\u00e2nd Republica Moldova merge \u00een deriv\u0103, iar \u00een UTA G\u0103g\u0103uzia lucrurile merg spre bine \u0219i se simt c\u0103 merg spre bine, for\u021ba guvernamental\u0103 este preocupat\u0103 ca anume ba\u0219canul G\u0103g\u0103uziei s\u0103 tac\u0103 din gur\u0103 \u0219i s\u0103 \u00eenceteze a lucra. Asist\u0103m \u00een ultima jum\u0103tate de an la un concert foarte prost regizat \u00een care ba\u0219canul G\u0103g\u0103uziei vine de trei patru ori pe s\u0103pt\u0103m\u00e2n\u0103 la Chi\u0219in\u0103u, \u00een incinta acestei judec\u0103torii, \u00een cadrul unui dosar fabricat politic, ignor\u00e2nd cerin\u021bele celor din G\u0103g\u0103uzia \u0219i nemotiv\u00e2nd lucrul \u00een G\u0103g\u0103uzia.<\/p>\n<p>IVAN STAMOV, activist civic<\/p>\n<p>To\u021bi \u00een\u021belegem c\u0103 acest proces este unul politic, orchestrat de autorit\u0103\u021bile noastre, respectiv de partidul PAS, guvern, pre\u0219edin\u021bie, cu scopul de a reduce la t\u0103cere to\u021bi cet\u0103\u021benii cu g\u00e2ndire liber\u0103 din Republica Moldova. P\u00e2n\u0103 \u00een prezent, Evghenia Alexandrovna Gu\u021bul este un simbol al lupt\u0103torilor pentru libertate \u0219i democra\u021bie \u00een \u021bara noastr\u0103. De aceea suntem aici, pentru ca justi\u021bia s\u0103 \u00eenving\u0103 \u0219i legile \u021b\u0103rii s\u0103 \u00eenceap\u0103 s\u0103 fie respectate. Avem mare \u00eencredere \u00een ra\u021biunea judec\u0103torilor \u0219i sper\u0103m ca, \u00eentr-o zi, s\u0103 se pronun\u021be o sentin\u021b\u0103 corect\u0103, iar doamna Gu\u021bu s\u0103 fie declarat\u0103 nevinovat\u0103 de acuza\u021biile care i-au fost aduse.<\/p>\n<p>Urm\u0103toarea \u0219edin\u021b\u0103 de judecat\u0103 este programat\u0103 pentru data de 25 martie, ora 11:00. Men\u021bion\u0103m c\u0103, prin decizia judec\u0103torului, orarul \u0219edin\u021belor de judecat\u0103 a fost modificat. Acum acestea au loc mai rar, dar sunt programate pentru lunile aprilie \u0219i mai. Reamintim c\u0103 Evghenia Gu\u021bul \u0219i Svetlana Popan sunt acuzate de complicitate \u00een finan\u021barea ilegal\u0103 a unui partid politic. Ambele resping categoric acuza\u021biile care le sunt aduse, consider\u00e2nd dosarul penal unul politic, fabricat la ordinul Maiei Sandu \u0219i al PAS. Procurorii refuz\u0103 s\u0103 comenteze.<\/p>\n<\/div>\n","protected":false},"excerpt":{"rendered":"<div><img loading=\"lazy\" decoding=\"async\" width=\"696\" height=\"530\" src=\"https:\/\/canal5.md\/wp-content\/uploads\/2024\/03\/gutul-jpg-optimized.webp\" class=\"attachment-large size-large wp-post-image\" alt=\"\" srcset=\"https:\/\/canal5.md\/wp-content\/uploads\/2024\/03\/gutul-jpg-optimized.webp 766w, https:\/\/canal5.md\/wp-content\/uploads\/2024\/03\/gutul-300x228-optimized.webp 300w, https:\/\/canal5.md\/wp-content\/uploads\/2024\/03\/gutul-696x530-optimized.webp 696w\">Procurorii au recunoscut c\u0103 s-au f\u0103cut gre\u0219eli \u00een dosarul penal instrumentat ba\u0219canului G\u0103g\u0103uziei, Evghenia Gu\u021bul \u0219i a activistei Svetlana Popan. O spune guvernatorul cu referire la afirma\u021bii pe care acuzatorii le-au f\u0103cut \u00een cadrul \u0219edin\u021bei. Potrivit Evgheniei Gu\u021bul, \u00eentreg procesul nu reprezint\u0103 altceva dec\u00e2t o eroare \u0219i un circ. Ea a men\u021bionat despre aceste lucru [\u2026]<\/div>\n","protected":false},"author":1,"featured_media":69643,"comment_status":"closed","ping_status":"closed","sticky":false,"template":"","format":"standard","meta":{"jnews-multi-image_gallery":[],"jnews_single_post":[],"jnews_primary_category":[],"jnews_social_meta":[],"jnews_override_counter":[],"footnotes":""},"categories":[23],"tags":[],"class_list":["post-69642","post","type-post","status-publish","format-standard","has-post-thumbnail","hentry","category-politica_ro"],"_links":{"self":[{"href":"https:\/\/orheifm.live\/index.php\/wp-json\/wp\/v2\/posts\/69642","targetHints":{"allow":["GET"]}}],"collection":[{"href":"https:\/\/orheifm.live\/index.php\/wp-json\/wp\/v2\/posts"}],"about":[{"href":"https:\/\/orheifm.live\/index.php\/wp-json\/wp\/v2\/types\/post"}],"author":[{"embeddable":true,"href":"https:\/\/orheifm.live\/index.php\/wp-json\/wp\/v2\/users\/1"}],"replies":[{"embeddable":true,"href":"https:\/\/orheifm.live\/index.php\/wp-json\/wp\/v2\/comments?post=69642"}],"version-history":[{"count":0,"href":"https:\/\/orheifm.live\/index.php\/wp-json\/wp\/v2\/posts\/69642\/revisions"}],"wp:featuredmedia":[{"embeddable":true,"href":"https:\/\/orheifm.live\/index.php\/wp-json\/wp\/v2\/media\/69643"}],"wp:attachment":[{"href":"https:\/\/orheifm.live\/index.php\/wp-json\/wp\/v2\/media?parent=69642"}],"wp:term":[{"taxonomy":"category","embeddable":true,"href":"https:\/\/orheifm.live\/index.php\/wp-json\/wp\/v2\/categories?post=69642"},{"taxonomy":"post_tag","embeddable":true,"href":"https:\/\/orheifm.live\/index.php\/wp-json\/wp\/v2\/tags?post=69642"}],"curies":[{"name":"wp","href":"https:\/\/api.w.org\/{rel}","templated":true}]}}