{"id":69640,"date":"2025-03-24T13:58:48","date_gmt":"2025-03-24T11:58:48","guid":{"rendered":"https:\/\/orheifm.live\/index.php\/2025\/03\/24\/femeie-arestata-in-iasi-pentru-trafic-de-obiecte-arheologice-dacice\/"},"modified":"2025-03-24T13:58:48","modified_gmt":"2025-03-24T11:58:48","slug":"femeie-arestata-in-iasi-pentru-trafic-de-obiecte-arheologice-dacice","status":"publish","type":"post","link":"https:\/\/orheifm.live\/index.php\/2025\/03\/24\/femeie-arestata-in-iasi-pentru-trafic-de-obiecte-arheologice-dacice\/","title":{"rendered":"Femeie arestat\u0103 \u00een Ia\u0219i pentru trafic de obiecte arheologice dacice"},"content":{"rendered":"<div>\n<p><strong>\u00cen Rom\u00e2nia, a fost descoperit un caz de trafic suspect de obiecte arheologice dacice, iar autorit\u0103\u021bile investigheaz\u0103 provenien\u021ba acestora.<\/strong><\/p>\n<p>O femeie a fost arestat\u0103 \u00een Ia\u0219i, pe 23 martie, dup\u0103 ce a fost surprins\u0103 v\u00e2nz\u00e2nd posibile artefacte arheologice la pre\u021buri foarte mici, \u00eentre 3 \u0219i 5 lei fiecare.<\/p>\n<p>Poli\u021bi\u0219tii locali au observat c\u0103 obiectele, care includeau pietre \u0219i fragmente de ceramic\u0103, aveau inscrip\u021bii asem\u0103n\u0103toare celor \u00eent\u00e2lnite pe exponatele muzeale. Femeia a declarat c\u0103 obiectele i-au fost date de o persoan\u0103 pentru care lucra ca menajer\u0103.<\/p>\n<p>Potrivit \u0219efului Poli\u021biei Locale, Liviu Zanfirescu, astfel de obiecte ar trebui s\u0103 fac\u0103 parte dintr-o colec\u021bie muzeal\u0103 sau s\u0103 provin\u0103 de la o universitate.<\/p>\n<\/div>\n","protected":false},"excerpt":{"rendered":"<div><img loading=\"lazy\" decoding=\"async\" width=\"625\" height=\"352\" src=\"https:\/\/canal5.md\/wp-content\/uploads\/2025\/03\/14b45fdb548275b18a8d2515271a73bf-1-optimized.jpg\" class=\"attachment-large size-large wp-post-image\" alt=\"\" srcset=\"https:\/\/canal5.md\/wp-content\/uploads\/2025\/03\/14b45fdb548275b18a8d2515271a73bf-1-optimized.jpg 625w, https:\/\/canal5.md\/wp-content\/uploads\/2025\/03\/14b45fdb548275b18a8d2515271a73bf-1-300x169-optimized.jpg 300w\">\u00cen Rom\u00e2nia, a fost descoperit un caz de trafic suspect de obiecte arheologice dacice, iar autorit\u0103\u021bile investigheaz\u0103 provenien\u021ba acestora. O femeie a fost arestat\u0103 \u00een Ia\u0219i, pe 23 martie, dup\u0103 ce a fost surprins\u0103 v\u00e2nz\u00e2nd posibile artefacte arheologice la pre\u021buri foarte mici, \u00eentre 3 \u0219i 5 lei fiecare. Poli\u021bi\u0219tii locali au observat c\u0103 obiectele, care [\u2026]<\/div>\n","protected":false},"author":1,"featured_media":69641,"comment_status":"closed","ping_status":"closed","sticky":false,"template":"","format":"standard","meta":{"jnews-multi-image_gallery":[],"jnews_single_post":[],"jnews_primary_category":[],"jnews_social_meta":[],"jnews_override_counter":[],"footnotes":""},"categories":[29],"tags":[],"class_list":["post-69640","post","type-post","status-publish","format-standard","has-post-thumbnail","hentry","category-externe_ro"],"_links":{"self":[{"href":"https:\/\/orheifm.live\/index.php\/wp-json\/wp\/v2\/posts\/69640","targetHints":{"allow":["GET"]}}],"collection":[{"href":"https:\/\/orheifm.live\/index.php\/wp-json\/wp\/v2\/posts"}],"about":[{"href":"https:\/\/orheifm.live\/index.php\/wp-json\/wp\/v2\/types\/post"}],"author":[{"embeddable":true,"href":"https:\/\/orheifm.live\/index.php\/wp-json\/wp\/v2\/users\/1"}],"replies":[{"embeddable":true,"href":"https:\/\/orheifm.live\/index.php\/wp-json\/wp\/v2\/comments?post=69640"}],"version-history":[{"count":0,"href":"https:\/\/orheifm.live\/index.php\/wp-json\/wp\/v2\/posts\/69640\/revisions"}],"wp:featuredmedia":[{"embeddable":true,"href":"https:\/\/orheifm.live\/index.php\/wp-json\/wp\/v2\/media\/69641"}],"wp:attachment":[{"href":"https:\/\/orheifm.live\/index.php\/wp-json\/wp\/v2\/media?parent=69640"}],"wp:term":[{"taxonomy":"category","embeddable":true,"href":"https:\/\/orheifm.live\/index.php\/wp-json\/wp\/v2\/categories?post=69640"},{"taxonomy":"post_tag","embeddable":true,"href":"https:\/\/orheifm.live\/index.php\/wp-json\/wp\/v2\/tags?post=69640"}],"curies":[{"name":"wp","href":"https:\/\/api.w.org\/{rel}","templated":true}]}}