{"id":69638,"date":"2025-03-24T12:58:18","date_gmt":"2025-03-24T10:58:18","guid":{"rendered":"https:\/\/orheifm.live\/index.php\/2025\/03\/24\/femeie-retinuta-la-ptf-stanca-pentru-contrabanda-cu-tigari\/"},"modified":"2025-03-24T12:58:18","modified_gmt":"2025-03-24T10:58:18","slug":"femeie-retinuta-la-ptf-stanca-pentru-contrabanda-cu-tigari","status":"publish","type":"post","link":"https:\/\/orheifm.live\/index.php\/2025\/03\/24\/femeie-retinuta-la-ptf-stanca-pentru-contrabanda-cu-tigari\/","title":{"rendered":"Femeie re\u021binut\u0103 la PTF St\u00e2nca pentru contraband\u0103 cu \u021big\u0103ri"},"content":{"rendered":"<div>\n<p><strong>Pe 22 martie, o femeie cu dubla cet\u0103\u021benie rom\u00e2n\u0103 \u0219i moldoveneasc\u0103, \u00een v\u00e2rst\u0103 de 46 de ani, a \u00eencercat s\u0103 introduc\u0103 ilegal \u00een Rom\u00e2nia 8.240 de \u021bigarete, ascunse \u00een bagajele personale. <\/strong><\/p>\n<p>\u0162ig\u0103rile, cu timbru de acciz\u0103 Republica Moldova, urmau s\u0103 ajung\u0103 pe pia\u021ba neagr\u0103 din Germania.<\/p>\n<p>Bunurile au fost confiscate, iar femeia a fost amendat\u0103 cu 15.000 de lei. Valoarea \u021big\u0103rilor a fost estimat\u0103 la 6.180 de lei.<\/p>\n<\/div>\n","protected":false},"excerpt":{"rendered":"<div><img loading=\"lazy\" decoding=\"async\" width=\"696\" height=\"392\" src=\"https:\/\/canal5.md\/wp-content\/uploads\/2025\/03\/54bc2f858c0fe3c43d76baf42087dbe48023801f38d0f3628d8c8becd89ae5ec-1024x576-optimized.jpg\" class=\"attachment-large size-large wp-post-image\" alt=\"\" srcset=\"https:\/\/canal5.md\/wp-content\/uploads\/2025\/03\/54bc2f858c0fe3c43d76baf42087dbe48023801f38d0f3628d8c8becd89ae5ec-1024x576-optimized.jpg 1024w, https:\/\/canal5.md\/wp-content\/uploads\/2025\/03\/54bc2f858c0fe3c43d76baf42087dbe48023801f38d0f3628d8c8becd89ae5ec-300x169-optimized.jpg 300w, https:\/\/canal5.md\/wp-content\/uploads\/2025\/03\/54bc2f858c0fe3c43d76baf42087dbe48023801f38d0f3628d8c8becd89ae5ec-768x432-optimized.jpg 768w, https:\/\/canal5.md\/wp-content\/uploads\/2025\/03\/54bc2f858c0fe3c43d76baf42087dbe48023801f38d0f3628d8c8becd89ae5ec-696x392-optimized.jpg 696w, https:\/\/canal5.md\/wp-content\/uploads\/2025\/03\/54bc2f858c0fe3c43d76baf42087dbe48023801f38d0f3628d8c8becd89ae5ec-1068x601-optimized.jpg 1068w, https:\/\/canal5.md\/wp-content\/uploads\/2025\/03\/54bc2f858c0fe3c43d76baf42087dbe48023801f38d0f3628d8c8becd89ae5ec-optimized.jpg 1200w\">Pe 22 martie, o femeie cu dubla cet\u0103\u021benie rom\u00e2n\u0103 \u0219i moldoveneasc\u0103, \u00een v\u00e2rst\u0103 de 46 de ani, a \u00eencercat s\u0103 introduc\u0103 ilegal \u00een Rom\u00e2nia 8.240 de \u021bigarete, ascunse \u00een bagajele personale. \u0162ig\u0103rile, cu timbru de acciz\u0103 Republica Moldova, urmau s\u0103 ajung\u0103 pe pia\u021ba neagr\u0103 din Germania. Bunurile au fost confiscate, iar femeia a fost amendat\u0103 [\u2026]<\/div>\n","protected":false},"author":1,"featured_media":69639,"comment_status":"closed","ping_status":"closed","sticky":false,"template":"","format":"standard","meta":{"jnews-multi-image_gallery":[],"jnews_single_post":[],"jnews_primary_category":[],"jnews_social_meta":[],"jnews_override_counter":[],"footnotes":""},"categories":[30],"tags":[],"class_list":["post-69638","post","type-post","status-publish","format-standard","has-post-thumbnail","hentry","category-social_ro"],"_links":{"self":[{"href":"https:\/\/orheifm.live\/index.php\/wp-json\/wp\/v2\/posts\/69638","targetHints":{"allow":["GET"]}}],"collection":[{"href":"https:\/\/orheifm.live\/index.php\/wp-json\/wp\/v2\/posts"}],"about":[{"href":"https:\/\/orheifm.live\/index.php\/wp-json\/wp\/v2\/types\/post"}],"author":[{"embeddable":true,"href":"https:\/\/orheifm.live\/index.php\/wp-json\/wp\/v2\/users\/1"}],"replies":[{"embeddable":true,"href":"https:\/\/orheifm.live\/index.php\/wp-json\/wp\/v2\/comments?post=69638"}],"version-history":[{"count":0,"href":"https:\/\/orheifm.live\/index.php\/wp-json\/wp\/v2\/posts\/69638\/revisions"}],"wp:featuredmedia":[{"embeddable":true,"href":"https:\/\/orheifm.live\/index.php\/wp-json\/wp\/v2\/media\/69639"}],"wp:attachment":[{"href":"https:\/\/orheifm.live\/index.php\/wp-json\/wp\/v2\/media?parent=69638"}],"wp:term":[{"taxonomy":"category","embeddable":true,"href":"https:\/\/orheifm.live\/index.php\/wp-json\/wp\/v2\/categories?post=69638"},{"taxonomy":"post_tag","embeddable":true,"href":"https:\/\/orheifm.live\/index.php\/wp-json\/wp\/v2\/tags?post=69638"}],"curies":[{"name":"wp","href":"https:\/\/api.w.org\/{rel}","templated":true}]}}