{"id":69636,"date":"2025-03-24T12:38:26","date_gmt":"2025-03-24T10:38:26","guid":{"rendered":"https:\/\/orheifm.live\/index.php\/2025\/03\/24\/tentativa-de-creare-a-unui-canal-de-migratie-ilegala-dejucata-de-politia-de-frontiera\/"},"modified":"2025-03-24T12:38:26","modified_gmt":"2025-03-24T10:38:26","slug":"tentativa-de-creare-a-unui-canal-de-migratie-ilegala-dejucata-de-politia-de-frontiera","status":"publish","type":"post","link":"https:\/\/orheifm.live\/index.php\/2025\/03\/24\/tentativa-de-creare-a-unui-canal-de-migratie-ilegala-dejucata-de-politia-de-frontiera\/","title":{"rendered":"Tentativ\u0103 de creare a unui canal de migra\u021bie ilegal\u0103 dejucat\u0103 de Poli\u021bia de Frontier\u0103"},"content":{"rendered":"<div>\n<p><strong>Doi suspec\u021bi, un cet\u0103\u021bean turc de 44 de ani \u0219i o moldoveanc\u0103 de 58 de ani, au fost re\u021binu\u021bi pe 19 martie pe Aeroportul Interna\u021bional Chi\u0219in\u0103u, acuza\u021bi de corupere activ\u0103. <\/strong><\/p>\n<p>Ace\u0219tia au \u00eencercat s\u0103 mituiasc\u0103 un poli\u021bist de frontier\u0103 cu 700 de euro pentru a crea un canal de migra\u021bie ilegal\u0103.<\/p>\n<p>Datorit\u0103 vigilen\u021bei poli\u021bistului, tentativa a fost documentat\u0103 \u0219i suspec\u021bii au fost aresta\u021bi. Investiga\u021biile continu\u0103.<\/p>\n<\/div>\n","protected":false},"excerpt":{"rendered":"<div><img loading=\"lazy\" decoding=\"async\" width=\"696\" height=\"393\" src=\"https:\/\/canal5.md\/wp-content\/uploads\/2025\/03\/b5678408f98804cbb9e0427d9f13b989-1-optimized.jpg\" class=\"attachment-large size-large wp-post-image\" alt=\"\" srcset=\"https:\/\/canal5.md\/wp-content\/uploads\/2025\/03\/b5678408f98804cbb9e0427d9f13b989-1-optimized.jpg 808w, https:\/\/canal5.md\/wp-content\/uploads\/2025\/03\/b5678408f98804cbb9e0427d9f13b989-1-300x169-optimized.jpg 300w, https:\/\/canal5.md\/wp-content\/uploads\/2025\/03\/b5678408f98804cbb9e0427d9f13b989-1-768x433-optimized.jpg 768w, https:\/\/canal5.md\/wp-content\/uploads\/2025\/03\/b5678408f98804cbb9e0427d9f13b989-1-696x393-optimized.jpg 696w\">Doi suspec\u021bi, un cet\u0103\u021bean turc de 44 de ani \u0219i o moldoveanc\u0103 de 58 de ani, au fost re\u021binu\u021bi pe 19 martie pe Aeroportul Interna\u021bional Chi\u0219in\u0103u, acuza\u021bi de corupere activ\u0103. Ace\u0219tia au \u00eencercat s\u0103 mituiasc\u0103 un poli\u021bist de frontier\u0103 cu 700 de euro pentru a crea un canal de migra\u021bie ilegal\u0103. Datorit\u0103 vigilen\u021bei poli\u021bistului, tentativa [\u2026]<\/div>\n","protected":false},"author":1,"featured_media":69637,"comment_status":"closed","ping_status":"closed","sticky":false,"template":"","format":"standard","meta":{"jnews-multi-image_gallery":[],"jnews_single_post":[],"jnews_primary_category":[],"jnews_social_meta":[],"jnews_override_counter":[],"footnotes":""},"categories":[30],"tags":[],"class_list":["post-69636","post","type-post","status-publish","format-standard","has-post-thumbnail","hentry","category-social_ro"],"_links":{"self":[{"href":"https:\/\/orheifm.live\/index.php\/wp-json\/wp\/v2\/posts\/69636","targetHints":{"allow":["GET"]}}],"collection":[{"href":"https:\/\/orheifm.live\/index.php\/wp-json\/wp\/v2\/posts"}],"about":[{"href":"https:\/\/orheifm.live\/index.php\/wp-json\/wp\/v2\/types\/post"}],"author":[{"embeddable":true,"href":"https:\/\/orheifm.live\/index.php\/wp-json\/wp\/v2\/users\/1"}],"replies":[{"embeddable":true,"href":"https:\/\/orheifm.live\/index.php\/wp-json\/wp\/v2\/comments?post=69636"}],"version-history":[{"count":0,"href":"https:\/\/orheifm.live\/index.php\/wp-json\/wp\/v2\/posts\/69636\/revisions"}],"wp:featuredmedia":[{"embeddable":true,"href":"https:\/\/orheifm.live\/index.php\/wp-json\/wp\/v2\/media\/69637"}],"wp:attachment":[{"href":"https:\/\/orheifm.live\/index.php\/wp-json\/wp\/v2\/media?parent=69636"}],"wp:term":[{"taxonomy":"category","embeddable":true,"href":"https:\/\/orheifm.live\/index.php\/wp-json\/wp\/v2\/categories?post=69636"},{"taxonomy":"post_tag","embeddable":true,"href":"https:\/\/orheifm.live\/index.php\/wp-json\/wp\/v2\/tags?post=69636"}],"curies":[{"name":"wp","href":"https:\/\/api.w.org\/{rel}","templated":true}]}}