{"id":69634,"date":"2025-03-24T12:18:21","date_gmt":"2025-03-24T10:18:21","guid":{"rendered":"https:\/\/orheifm.live\/index.php\/2025\/03\/24\/perchezitie-in-calarasi-politistii-au-descoperit-arme-si-munitii-ilegale\/"},"modified":"2025-03-24T12:18:21","modified_gmt":"2025-03-24T10:18:21","slug":"perchezitie-in-calarasi-politistii-au-descoperit-arme-si-munitii-ilegale","status":"publish","type":"post","link":"https:\/\/orheifm.live\/index.php\/2025\/03\/24\/perchezitie-in-calarasi-politistii-au-descoperit-arme-si-munitii-ilegale\/","title":{"rendered":"Perchezi\u021bie \u00een C\u0103l\u0103ra\u0219i: Poli\u021bi\u0219tii au descoperit arme \u0219i muni\u021bii ilegale"},"content":{"rendered":"<div>\n<p class=\"\" data-start=\"79\" data-end=\"390\"><strong>Poli\u021bi\u0219tii din C\u0103l\u0103ra\u0219i au efectuat o perchezi\u021bie autorizat\u0103 la gospod\u0103ria unui b\u0103rbat de 71 de ani, unde au descoperit o arm\u0103 de model necunoscut, dou\u0103 tuburi de cartu\u0219e folosite \u0219i zeci de cartu\u0219e de\u021binute ilegal. <\/strong><\/p>\n<p class=\"\" data-start=\"79\" data-end=\"390\">\u00cen timpul audierilor, b\u0103rbatul nu a putut explica provenien\u021ba \u0219i scopul armelor \u0219i muni\u021biilor.<\/p>\n<p class=\"\" data-start=\"392\" data-end=\"693\">Acesta va fi sanc\u021bionat pentru de\u021binerea \u0219i p\u0103strarea ilegal\u0103 a armelor \u0219i muni\u021biilor. Armele \u0219i muni\u021biile ridicate vor fi supuse unei constat\u0103ri balistice la Centrul Tehnico-Criminalistic \u0219i Expertize Judiciare al IGP. Poli\u021bi\u0219tii continu\u0103 investiga\u021biile pentru a stabili toate circumstan\u021bele cazului.<\/p>\n<\/div>\n","protected":false},"excerpt":{"rendered":"<div><img loading=\"lazy\" decoding=\"async\" width=\"696\" height=\"707\" src=\"https:\/\/canal5.md\/wp-content\/uploads\/2025\/03\/photo_2025-03-24_10-08-23-optimized.jpg\" class=\"attachment-large size-large wp-post-image\" alt=\"\" srcset=\"https:\/\/canal5.md\/wp-content\/uploads\/2025\/03\/photo_2025-03-24_10-08-23-optimized.jpg 696w, https:\/\/canal5.md\/wp-content\/uploads\/2025\/03\/photo_2025-03-24_10-08-23-295x300-optimized.jpg 295w\">Poli\u021bi\u0219tii din C\u0103l\u0103ra\u0219i au efectuat o perchezi\u021bie autorizat\u0103 la gospod\u0103ria unui b\u0103rbat de 71 de ani, unde au descoperit o arm\u0103 de model necunoscut, dou\u0103 tuburi de cartu\u0219e folosite \u0219i zeci de cartu\u0219e de\u021binute ilegal. \u00cen timpul audierilor, b\u0103rbatul nu a putut explica provenien\u021ba \u0219i scopul armelor \u0219i muni\u021biilor. Acesta va fi sanc\u021bionat pentru de\u021binerea [\u2026]<\/div>\n","protected":false},"author":1,"featured_media":69635,"comment_status":"closed","ping_status":"closed","sticky":false,"template":"","format":"standard","meta":{"jnews-multi-image_gallery":[],"jnews_single_post":[],"jnews_primary_category":[],"jnews_social_meta":[],"jnews_override_counter":[],"footnotes":""},"categories":[30],"tags":[],"class_list":["post-69634","post","type-post","status-publish","format-standard","has-post-thumbnail","hentry","category-social_ro"],"_links":{"self":[{"href":"https:\/\/orheifm.live\/index.php\/wp-json\/wp\/v2\/posts\/69634","targetHints":{"allow":["GET"]}}],"collection":[{"href":"https:\/\/orheifm.live\/index.php\/wp-json\/wp\/v2\/posts"}],"about":[{"href":"https:\/\/orheifm.live\/index.php\/wp-json\/wp\/v2\/types\/post"}],"author":[{"embeddable":true,"href":"https:\/\/orheifm.live\/index.php\/wp-json\/wp\/v2\/users\/1"}],"replies":[{"embeddable":true,"href":"https:\/\/orheifm.live\/index.php\/wp-json\/wp\/v2\/comments?post=69634"}],"version-history":[{"count":0,"href":"https:\/\/orheifm.live\/index.php\/wp-json\/wp\/v2\/posts\/69634\/revisions"}],"wp:featuredmedia":[{"embeddable":true,"href":"https:\/\/orheifm.live\/index.php\/wp-json\/wp\/v2\/media\/69635"}],"wp:attachment":[{"href":"https:\/\/orheifm.live\/index.php\/wp-json\/wp\/v2\/media?parent=69634"}],"wp:term":[{"taxonomy":"category","embeddable":true,"href":"https:\/\/orheifm.live\/index.php\/wp-json\/wp\/v2\/categories?post=69634"},{"taxonomy":"post_tag","embeddable":true,"href":"https:\/\/orheifm.live\/index.php\/wp-json\/wp\/v2\/tags?post=69634"}],"curies":[{"name":"wp","href":"https:\/\/api.w.org\/{rel}","templated":true}]}}