{"id":69628,"date":"2025-03-24T10:55:57","date_gmt":"2025-03-24T08:55:57","guid":{"rendered":"https:\/\/orheifm.live\/index.php\/2025\/03\/24\/barbat-cautat-international-a-fugit-din-fata-politiei-de-frontiera\/"},"modified":"2025-03-24T10:55:57","modified_gmt":"2025-03-24T08:55:57","slug":"barbat-cautat-international-a-fugit-din-fata-politiei-de-frontiera","status":"publish","type":"post","link":"https:\/\/orheifm.live\/index.php\/2025\/03\/24\/barbat-cautat-international-a-fugit-din-fata-politiei-de-frontiera\/","title":{"rendered":"B\u0103rbat c\u0103utat interna\u021bional a fugit din fa\u021ba poli\u021biei de frontier\u0103"},"content":{"rendered":"<div>\n<p><strong>Un b\u0103rbat c\u0103utat la nivel interna\u021bional a fugit dup\u0103 ce a \u00eencercat s\u0103 intre \u00een Republica Moldova. Incidentul a avut loc s\u00e2mb\u0103t\u0103, 22 martie, \u00een jurul orei 15:00, la Postul Vamal Criva, Briceni.<\/strong><\/p>\n<p>Este vorba despre un b\u0103rbat de 40 de ani, originar din Kolomia, Ucraina. Acesta a \u00eencercat s\u0103 intre \u00een Moldova la volanul unui microbuz Volkswagen Transporter, iar \u00een timpul controlului documentelor, poli\u021bi\u0219tii de frontier\u0103 au descoperit c\u0103 se afla pe lista persoanelor c\u0103utate de Interpol.<\/p>\n<p>\u00cen timp ce a\u0219tepta decizia autorit\u0103\u021bilor, b\u0103rbatul a ie\u0219it din microbuz \u0219i s-a \u00eendreptat c\u0103tre WC-ul din apropiere. \u00cen acest timp, sub supravegherea poli\u021bi\u0219tilor, a reu\u0219it s\u0103 fug\u0103 \u00eenapoi \u00een Ucraina. Poli\u021bi\u0219tii de frontier\u0103 moldoveni au alertat colegii lor din Ucraina, iar fugarul a fost prins rapid pe teritoriul ucrainean.<\/p>\n<p>Av\u00e2nd \u00een vedere c\u0103 fugarul este cet\u0103\u021bean ucrainean \u0219i a fost re\u021binut pe teritoriul Ucrainei, procedura de readmisie nu poate fi aplicat\u0103. Pa\u0219aportul \u0219i microbuzul s\u0103u au r\u0103mas pe teritoriul Republicii Moldova, iar vehiculul a fost ridicat \u0219i plasat \u00eentr-o parcare special\u0103 la Postul Vamal Criva.<\/p>\n<\/div>\n","protected":false},"excerpt":{"rendered":"<div><img loading=\"lazy\" decoding=\"async\" width=\"696\" height=\"392\" src=\"https:\/\/canal5.md\/wp-content\/uploads\/2025\/03\/9241be197e166560777710324a75ccd3cbb45dea26c411c7936801ed693824ba-1024x576-optimized.jpg\" class=\"attachment-large size-large wp-post-image\" alt=\"\" srcset=\"https:\/\/canal5.md\/wp-content\/uploads\/2025\/03\/9241be197e166560777710324a75ccd3cbb45dea26c411c7936801ed693824ba-1024x576-optimized.jpg 1024w, https:\/\/canal5.md\/wp-content\/uploads\/2025\/03\/9241be197e166560777710324a75ccd3cbb45dea26c411c7936801ed693824ba-300x169-optimized.jpg 300w, https:\/\/canal5.md\/wp-content\/uploads\/2025\/03\/9241be197e166560777710324a75ccd3cbb45dea26c411c7936801ed693824ba-768x432-optimized.jpg 768w, https:\/\/canal5.md\/wp-content\/uploads\/2025\/03\/9241be197e166560777710324a75ccd3cbb45dea26c411c7936801ed693824ba-696x392-optimized.jpg 696w, https:\/\/canal5.md\/wp-content\/uploads\/2025\/03\/9241be197e166560777710324a75ccd3cbb45dea26c411c7936801ed693824ba-1068x601-optimized.jpg 1068w, https:\/\/canal5.md\/wp-content\/uploads\/2025\/03\/9241be197e166560777710324a75ccd3cbb45dea26c411c7936801ed693824ba-optimized.jpg 1200w\">Un b\u0103rbat c\u0103utat la nivel interna\u021bional a fugit dup\u0103 ce a \u00eencercat s\u0103 intre \u00een Republica Moldova. Incidentul a avut loc s\u00e2mb\u0103t\u0103, 22 martie, \u00een jurul orei 15:00, la Postul Vamal Criva, Briceni. Este vorba despre un b\u0103rbat de 40 de ani, originar din Kolomia, Ucraina. Acesta a \u00eencercat s\u0103 intre \u00een Moldova la volanul [\u2026]<\/div>\n","protected":false},"author":1,"featured_media":69629,"comment_status":"closed","ping_status":"closed","sticky":false,"template":"","format":"standard","meta":{"jnews-multi-image_gallery":[],"jnews_single_post":[],"jnews_primary_category":[],"jnews_social_meta":[],"jnews_override_counter":[],"footnotes":""},"categories":[30],"tags":[],"class_list":["post-69628","post","type-post","status-publish","format-standard","has-post-thumbnail","hentry","category-social_ro"],"_links":{"self":[{"href":"https:\/\/orheifm.live\/index.php\/wp-json\/wp\/v2\/posts\/69628","targetHints":{"allow":["GET"]}}],"collection":[{"href":"https:\/\/orheifm.live\/index.php\/wp-json\/wp\/v2\/posts"}],"about":[{"href":"https:\/\/orheifm.live\/index.php\/wp-json\/wp\/v2\/types\/post"}],"author":[{"embeddable":true,"href":"https:\/\/orheifm.live\/index.php\/wp-json\/wp\/v2\/users\/1"}],"replies":[{"embeddable":true,"href":"https:\/\/orheifm.live\/index.php\/wp-json\/wp\/v2\/comments?post=69628"}],"version-history":[{"count":0,"href":"https:\/\/orheifm.live\/index.php\/wp-json\/wp\/v2\/posts\/69628\/revisions"}],"wp:featuredmedia":[{"embeddable":true,"href":"https:\/\/orheifm.live\/index.php\/wp-json\/wp\/v2\/media\/69629"}],"wp:attachment":[{"href":"https:\/\/orheifm.live\/index.php\/wp-json\/wp\/v2\/media?parent=69628"}],"wp:term":[{"taxonomy":"category","embeddable":true,"href":"https:\/\/orheifm.live\/index.php\/wp-json\/wp\/v2\/categories?post=69628"},{"taxonomy":"post_tag","embeddable":true,"href":"https:\/\/orheifm.live\/index.php\/wp-json\/wp\/v2\/tags?post=69628"}],"curies":[{"name":"wp","href":"https:\/\/api.w.org\/{rel}","templated":true}]}}