{"id":69626,"date":"2025-03-24T10:35:44","date_gmt":"2025-03-24T08:35:44","guid":{"rendered":"https:\/\/orheifm.live\/index.php\/2025\/03\/24\/copil-de-11-ani-ranit-grav-dupa-ce-a-cazut-dintr-un-copac\/"},"modified":"2025-03-24T10:35:44","modified_gmt":"2025-03-24T08:35:44","slug":"copil-de-11-ani-ranit-grav-dupa-ce-a-cazut-dintr-un-copac","status":"publish","type":"post","link":"https:\/\/orheifm.live\/index.php\/2025\/03\/24\/copil-de-11-ani-ranit-grav-dupa-ce-a-cazut-dintr-un-copac\/","title":{"rendered":"Copil de 11 ani, r\u0103nit grav dup\u0103 ce a c\u0103zut dintr-un copac"},"content":{"rendered":"<div>\n<p class=\"\" data-start=\"70\" data-end=\"315\"><strong>Un copil de 11 ani a fost transportat de urgen\u021b\u0103 la spital, dup\u0103 ce a c\u0103zut de la o \u00een\u0103l\u021bime de aproximativ 3-4 metri. Incidentul s-a produs vineri, 21 martie, \u00een jurul orei 18:12, pe strada Nicolae Gradescu din sectorul Botanica al capitalei.<\/strong><\/p>\n<p class=\"\" data-start=\"317\" data-end=\"595\">B\u0103iatul s-a urcat \u00eentr-un copac, \u00eens\u0103, din neaten\u021bie, \u0219i-a pierdut echilibrul \u0219i a c\u0103zut \u00een gol. \u00cen urma impactului, a suferit multiple traumatisme \u0219i a fost transportat la Spitalul \u201eV. Ignatenco\u201d, unde medicii au stabilit c\u0103 are fractur\u0103 a oaselor craniene pe partea dreapt\u0103.<\/p>\n<p class=\"\" data-start=\"597\" data-end=\"670\">Oamenii legii investigheaz\u0103 circumstan\u021bele \u00een care s-a produs incidentul.<\/p>\n<\/div>\n","protected":false},"excerpt":{"rendered":"<div><img loading=\"lazy\" decoding=\"async\" width=\"696\" height=\"392\" src=\"https:\/\/canal5.md\/wp-content\/uploads\/2025\/03\/4aa9a5bc3b989b6a6dcb0b153133aed2a0dd0b61bacc2c1af010c4ffee8d018b-1024x576-optimized.jpg\" class=\"attachment-large size-large wp-post-image\" alt=\"\" srcset=\"https:\/\/canal5.md\/wp-content\/uploads\/2025\/03\/4aa9a5bc3b989b6a6dcb0b153133aed2a0dd0b61bacc2c1af010c4ffee8d018b-1024x576-optimized.jpg 1024w, https:\/\/canal5.md\/wp-content\/uploads\/2025\/03\/4aa9a5bc3b989b6a6dcb0b153133aed2a0dd0b61bacc2c1af010c4ffee8d018b-300x169-optimized.jpg 300w, https:\/\/canal5.md\/wp-content\/uploads\/2025\/03\/4aa9a5bc3b989b6a6dcb0b153133aed2a0dd0b61bacc2c1af010c4ffee8d018b-768x432-optimized.jpg 768w, https:\/\/canal5.md\/wp-content\/uploads\/2025\/03\/4aa9a5bc3b989b6a6dcb0b153133aed2a0dd0b61bacc2c1af010c4ffee8d018b-696x392-optimized.jpg 696w, https:\/\/canal5.md\/wp-content\/uploads\/2025\/03\/4aa9a5bc3b989b6a6dcb0b153133aed2a0dd0b61bacc2c1af010c4ffee8d018b-1068x601-optimized.jpg 1068w, https:\/\/canal5.md\/wp-content\/uploads\/2025\/03\/4aa9a5bc3b989b6a6dcb0b153133aed2a0dd0b61bacc2c1af010c4ffee8d018b-optimized.jpg 1200w\">Un copil de 11 ani a fost transportat de urgen\u021b\u0103 la spital, dup\u0103 ce a c\u0103zut de la o \u00een\u0103l\u021bime de aproximativ 3-4 metri. Incidentul s-a produs vineri, 21 martie, \u00een jurul orei 18:12, pe strada Nicolae Gradescu din sectorul Botanica al capitalei. B\u0103iatul s-a urcat \u00eentr-un copac, \u00eens\u0103, din neaten\u021bie, \u0219i-a pierdut echilibrul \u0219i [\u2026]<\/div>\n","protected":false},"author":1,"featured_media":69627,"comment_status":"closed","ping_status":"closed","sticky":false,"template":"","format":"standard","meta":{"jnews-multi-image_gallery":[],"jnews_single_post":[],"jnews_primary_category":[],"jnews_social_meta":[],"jnews_override_counter":[],"footnotes":""},"categories":[30],"tags":[],"class_list":["post-69626","post","type-post","status-publish","format-standard","has-post-thumbnail","hentry","category-social_ro"],"_links":{"self":[{"href":"https:\/\/orheifm.live\/index.php\/wp-json\/wp\/v2\/posts\/69626","targetHints":{"allow":["GET"]}}],"collection":[{"href":"https:\/\/orheifm.live\/index.php\/wp-json\/wp\/v2\/posts"}],"about":[{"href":"https:\/\/orheifm.live\/index.php\/wp-json\/wp\/v2\/types\/post"}],"author":[{"embeddable":true,"href":"https:\/\/orheifm.live\/index.php\/wp-json\/wp\/v2\/users\/1"}],"replies":[{"embeddable":true,"href":"https:\/\/orheifm.live\/index.php\/wp-json\/wp\/v2\/comments?post=69626"}],"version-history":[{"count":0,"href":"https:\/\/orheifm.live\/index.php\/wp-json\/wp\/v2\/posts\/69626\/revisions"}],"wp:featuredmedia":[{"embeddable":true,"href":"https:\/\/orheifm.live\/index.php\/wp-json\/wp\/v2\/media\/69627"}],"wp:attachment":[{"href":"https:\/\/orheifm.live\/index.php\/wp-json\/wp\/v2\/media?parent=69626"}],"wp:term":[{"taxonomy":"category","embeddable":true,"href":"https:\/\/orheifm.live\/index.php\/wp-json\/wp\/v2\/categories?post=69626"},{"taxonomy":"post_tag","embeddable":true,"href":"https:\/\/orheifm.live\/index.php\/wp-json\/wp\/v2\/tags?post=69626"}],"curies":[{"name":"wp","href":"https:\/\/api.w.org\/{rel}","templated":true}]}}