{"id":69622,"date":"2025-03-24T09:45:47","date_gmt":"2025-03-24T07:45:47","guid":{"rendered":"https:\/\/orheifm.live\/index.php\/2025\/03\/24\/un-adolescent-baut-s-a-rasturnat-cu-masina-pe-o-strada-din-chisinau\/"},"modified":"2025-03-24T09:45:47","modified_gmt":"2025-03-24T07:45:47","slug":"un-adolescent-baut-s-a-rasturnat-cu-masina-pe-o-strada-din-chisinau","status":"publish","type":"post","link":"https:\/\/orheifm.live\/index.php\/2025\/03\/24\/un-adolescent-baut-s-a-rasturnat-cu-masina-pe-o-strada-din-chisinau\/","title":{"rendered":"Un adolescent b\u0103ut s-a r\u0103sturnat cu ma\u0219ina pe o strad\u0103 din Chi\u0219in\u0103u"},"content":{"rendered":"<div>\n<p class=\"\" data-start=\"83\" data-end=\"278\"><strong>Un accident rutier s-a produs pe \u0219oseaua Munce\u0219ti din capital\u0103, unde un t\u00e2n\u0103r de 18 ani, aflat la volanul unui Opel, a pierdut controlul vehiculului, a lovit un pilon electric \u0219i s-a r\u0103sturnat.<\/strong><\/p>\n<p class=\"\" data-start=\"280\" data-end=\"477\">Poli\u021bi\u0219tii Sec\u021biei documentare accidente rutiere din cadrul Direc\u021biei de Poli\u021bie Chi\u0219in\u0103u au intervenit la fa\u021ba locului, stabilind preliminar c\u0103 \u0219oferul nu a adaptat viteza la condi\u021biile de drum.<\/p>\n<p class=\"\" data-start=\"479\" data-end=\"732\">Fiind testat cu aparatul Drager, s-a constatat c\u0103 acesta avea o alcoolemie de 0,65 mg\/l \u00een aerul expirat. \u00cen urma incidentului, t\u00e2n\u0103rul a fost re\u021binut pentru 72 de ore, iar pe caz a fost ini\u021biat\u0103 o cauz\u0103 penal\u0103 pentru stabilirea tuturor circumstan\u021belor.<\/p>\n<\/div>\n","protected":false},"excerpt":{"rendered":"<div><img loading=\"lazy\" decoding=\"async\" width=\"696\" height=\"392\" src=\"https:\/\/canal5.md\/wp-content\/uploads\/2025\/03\/021659dc3bafa2b2c7c05b979b9ff31906aa9a1b5cf78b23daf148c20cbabfac-1024x576-optimized.jpg\" class=\"attachment-large size-large wp-post-image\" alt=\"\" srcset=\"https:\/\/canal5.md\/wp-content\/uploads\/2025\/03\/021659dc3bafa2b2c7c05b979b9ff31906aa9a1b5cf78b23daf148c20cbabfac-1024x576-optimized.jpg 1024w, https:\/\/canal5.md\/wp-content\/uploads\/2025\/03\/021659dc3bafa2b2c7c05b979b9ff31906aa9a1b5cf78b23daf148c20cbabfac-300x169-optimized.jpg 300w, https:\/\/canal5.md\/wp-content\/uploads\/2025\/03\/021659dc3bafa2b2c7c05b979b9ff31906aa9a1b5cf78b23daf148c20cbabfac-768x432-optimized.jpg 768w, https:\/\/canal5.md\/wp-content\/uploads\/2025\/03\/021659dc3bafa2b2c7c05b979b9ff31906aa9a1b5cf78b23daf148c20cbabfac-696x392-optimized.jpg 696w, https:\/\/canal5.md\/wp-content\/uploads\/2025\/03\/021659dc3bafa2b2c7c05b979b9ff31906aa9a1b5cf78b23daf148c20cbabfac-1068x601-optimized.jpg 1068w, https:\/\/canal5.md\/wp-content\/uploads\/2025\/03\/021659dc3bafa2b2c7c05b979b9ff31906aa9a1b5cf78b23daf148c20cbabfac-optimized.jpg 1200w\">Un accident rutier s-a produs pe \u0219oseaua Munce\u0219ti din capital\u0103, unde un t\u00e2n\u0103r de 18 ani, aflat la volanul unui Opel, a pierdut controlul vehiculului, a lovit un pilon electric \u0219i s-a r\u0103sturnat. Poli\u021bi\u0219tii Sec\u021biei documentare accidente rutiere din cadrul Direc\u021biei de Poli\u021bie Chi\u0219in\u0103u au intervenit la fa\u021ba locului, stabilind preliminar c\u0103 \u0219oferul nu a [\u2026]<\/div>\n","protected":false},"author":1,"featured_media":69623,"comment_status":"closed","ping_status":"closed","sticky":false,"template":"","format":"standard","meta":{"jnews-multi-image_gallery":[],"jnews_single_post":[],"jnews_primary_category":[],"jnews_social_meta":[],"jnews_override_counter":[],"footnotes":""},"categories":[30],"tags":[],"class_list":["post-69622","post","type-post","status-publish","format-standard","has-post-thumbnail","hentry","category-social_ro"],"_links":{"self":[{"href":"https:\/\/orheifm.live\/index.php\/wp-json\/wp\/v2\/posts\/69622","targetHints":{"allow":["GET"]}}],"collection":[{"href":"https:\/\/orheifm.live\/index.php\/wp-json\/wp\/v2\/posts"}],"about":[{"href":"https:\/\/orheifm.live\/index.php\/wp-json\/wp\/v2\/types\/post"}],"author":[{"embeddable":true,"href":"https:\/\/orheifm.live\/index.php\/wp-json\/wp\/v2\/users\/1"}],"replies":[{"embeddable":true,"href":"https:\/\/orheifm.live\/index.php\/wp-json\/wp\/v2\/comments?post=69622"}],"version-history":[{"count":0,"href":"https:\/\/orheifm.live\/index.php\/wp-json\/wp\/v2\/posts\/69622\/revisions"}],"wp:featuredmedia":[{"embeddable":true,"href":"https:\/\/orheifm.live\/index.php\/wp-json\/wp\/v2\/media\/69623"}],"wp:attachment":[{"href":"https:\/\/orheifm.live\/index.php\/wp-json\/wp\/v2\/media?parent=69622"}],"wp:term":[{"taxonomy":"category","embeddable":true,"href":"https:\/\/orheifm.live\/index.php\/wp-json\/wp\/v2\/categories?post=69622"},{"taxonomy":"post_tag","embeddable":true,"href":"https:\/\/orheifm.live\/index.php\/wp-json\/wp\/v2\/tags?post=69622"}],"curies":[{"name":"wp","href":"https:\/\/api.w.org\/{rel}","templated":true}]}}