{"id":69620,"date":"2025-03-24T09:20:22","date_gmt":"2025-03-24T07:20:22","guid":{"rendered":"https:\/\/orheifm.live\/index.php\/2025\/03\/24\/meteorologii-au-prognozat-vreme-variabila-si-ploi-slabe-in-toata-tara\/"},"modified":"2025-03-24T09:20:22","modified_gmt":"2025-03-24T07:20:22","slug":"meteorologii-au-prognozat-vreme-variabila-si-ploi-slabe-in-toata-tara","status":"publish","type":"post","link":"https:\/\/orheifm.live\/index.php\/2025\/03\/24\/meteorologii-au-prognozat-vreme-variabila-si-ploi-slabe-in-toata-tara\/","title":{"rendered":"Meteorologii au prognozat vreme variabil\u0103 \u0219i ploi slabe \u00een toat\u0103 \u021bara"},"content":{"rendered":"<div>\n<p><strong>Ast\u0103zi, meteorologii anun\u021b\u0103 cer variabil \u0219i precipita\u021bii slabe pe \u00eentreg teritoriul \u021b\u0103rii. <\/strong><\/p>\n<p>\u00cen sud, temperaturile vor oscila \u00eentre +17 \u0219i +19\u00b0C, \u00een centrul \u021b\u0103rii se vor \u00eenregistra valori de +15\u2026+17\u00b0C, iar \u00een nord termometrele vor indica \u00eentre +12 \u0219i +14\u00b0C.<\/p>\n<\/div>\n","protected":false},"excerpt":{"rendered":"<div><img loading=\"lazy\" decoding=\"async\" width=\"696\" height=\"458\" src=\"https:\/\/canal5.md\/wp-content\/uploads\/2025\/03\/805009-optimized.webp\" class=\"attachment-large size-large wp-post-image\" alt=\"\" srcset=\"https:\/\/canal5.md\/wp-content\/uploads\/2025\/03\/805009-optimized.webp 760w, https:\/\/canal5.md\/wp-content\/uploads\/2025\/03\/805009-300x197-optimized.webp 300w, https:\/\/canal5.md\/wp-content\/uploads\/2025\/03\/805009-696x458-optimized.webp 696w\">Ast\u0103zi, meteorologii anun\u021b\u0103 cer variabil \u0219i precipita\u021bii slabe pe \u00eentreg teritoriul \u021b\u0103rii. \u00cen sud, temperaturile vor oscila \u00eentre +17 \u0219i +19\u00b0C, \u00een centrul \u021b\u0103rii se vor \u00eenregistra valori de +15\u2026+17\u00b0C, iar \u00een nord termometrele vor indica \u00eentre +12 \u0219i +14\u00b0C.<\/div>\n","protected":false},"author":1,"featured_media":69621,"comment_status":"closed","ping_status":"closed","sticky":false,"template":"","format":"standard","meta":{"jnews-multi-image_gallery":[],"jnews_single_post":[],"jnews_primary_category":[],"jnews_social_meta":[],"jnews_override_counter":[],"footnotes":""},"categories":[30],"tags":[],"class_list":["post-69620","post","type-post","status-publish","format-standard","has-post-thumbnail","hentry","category-social_ro"],"_links":{"self":[{"href":"https:\/\/orheifm.live\/index.php\/wp-json\/wp\/v2\/posts\/69620","targetHints":{"allow":["GET"]}}],"collection":[{"href":"https:\/\/orheifm.live\/index.php\/wp-json\/wp\/v2\/posts"}],"about":[{"href":"https:\/\/orheifm.live\/index.php\/wp-json\/wp\/v2\/types\/post"}],"author":[{"embeddable":true,"href":"https:\/\/orheifm.live\/index.php\/wp-json\/wp\/v2\/users\/1"}],"replies":[{"embeddable":true,"href":"https:\/\/orheifm.live\/index.php\/wp-json\/wp\/v2\/comments?post=69620"}],"version-history":[{"count":0,"href":"https:\/\/orheifm.live\/index.php\/wp-json\/wp\/v2\/posts\/69620\/revisions"}],"wp:featuredmedia":[{"embeddable":true,"href":"https:\/\/orheifm.live\/index.php\/wp-json\/wp\/v2\/media\/69621"}],"wp:attachment":[{"href":"https:\/\/orheifm.live\/index.php\/wp-json\/wp\/v2\/media?parent=69620"}],"wp:term":[{"taxonomy":"category","embeddable":true,"href":"https:\/\/orheifm.live\/index.php\/wp-json\/wp\/v2\/categories?post=69620"},{"taxonomy":"post_tag","embeddable":true,"href":"https:\/\/orheifm.live\/index.php\/wp-json\/wp\/v2\/tags?post=69620"}],"curies":[{"name":"wp","href":"https:\/\/api.w.org\/{rel}","templated":true}]}}