{"id":69618,"date":"2025-03-23T18:00:39","date_gmt":"2025-03-23T16:00:39","guid":{"rendered":"https:\/\/orheifm.live\/index.php\/2025\/03\/23\/incendiu-in-parcul-disney-epcot-din-orlando-panica-printre-vizitatori\/"},"modified":"2025-03-23T18:00:39","modified_gmt":"2025-03-23T16:00:39","slug":"incendiu-in-parcul-disney-epcot-din-orlando-panica-printre-vizitatori","status":"publish","type":"post","link":"https:\/\/orheifm.live\/index.php\/2025\/03\/23\/incendiu-in-parcul-disney-epcot-din-orlando-panica-printre-vizitatori\/","title":{"rendered":"Incendiu \u00een parcul Disney Epcot din Orlando, panic\u0103 printre vizitatori"},"content":{"rendered":"<div>\n<p><strong>Un incendiu a izbucnit ieri dup\u0103-amiaz\u0103 \u00een parcul Disney Epcot din Orlando, Florida, provoc\u00e2nd panic\u0103 \u00een r\u00e2ndul vizitatorilor. <\/strong><\/p>\n<p>Incidentul a fost cauzat de aprinderea unui frigider \u00een culisele atrac\u021biei \u201eRemy\u2019s Ratatouille Adventure\u201d din Pavilionul Francez. Fumul gros s-a r\u0103sp\u00e2ndit rapid \u00een apropierea Turnului Eiffel din parc, iar \u00een timpul vacan\u021bei de prim\u0103var\u0103, c\u00e2nd parcul se afl\u0103 la capacitate maxim\u0103, zeci de vizitatori au fugit panicati.<\/p>\n<p>Imagini video surprinse de martori arat\u0103 mul\u021bimea p\u0103r\u0103sind gr\u0103bit atrac\u021bia. Pompierii din Central Florida au stins incendiul \u00een cursul serii. De\u0219i focul nu a afectat zonele pentru vizitatori, fumul \u0219i apropierea fl\u0103c\u0103rilor au creat o atmosfer\u0103 tensionat\u0103. Cauzele incendiului sunt \u00eenc\u0103 investigate.<\/p>\n<\/div>\n","protected":false},"excerpt":{"rendered":"<div><img loading=\"lazy\" decoding=\"async\" width=\"696\" height=\"458\" src=\"https:\/\/canal5.md\/wp-content\/uploads\/2025\/03\/804916-optimized.webp\" class=\"attachment-large size-large wp-post-image\" alt=\"\" srcset=\"https:\/\/canal5.md\/wp-content\/uploads\/2025\/03\/804916-optimized.webp 760w, https:\/\/canal5.md\/wp-content\/uploads\/2025\/03\/804916-300x197-optimized.webp 300w, https:\/\/canal5.md\/wp-content\/uploads\/2025\/03\/804916-696x458-optimized.webp 696w\">Un incendiu a izbucnit ieri dup\u0103-amiaz\u0103 \u00een parcul Disney Epcot din Orlando, Florida, provoc\u00e2nd panic\u0103 \u00een r\u00e2ndul vizitatorilor. Incidentul a fost cauzat de aprinderea unui frigider \u00een culisele atrac\u021biei \u201eRemy\u2019s Ratatouille Adventure\u201d din Pavilionul Francez. Fumul gros s-a r\u0103sp\u00e2ndit rapid \u00een apropierea Turnului Eiffel din parc, iar \u00een timpul vacan\u021bei de prim\u0103var\u0103, c\u00e2nd parcul se [\u2026]<\/div>\n","protected":false},"author":1,"featured_media":69619,"comment_status":"closed","ping_status":"closed","sticky":false,"template":"","format":"standard","meta":{"jnews-multi-image_gallery":[],"jnews_single_post":[],"jnews_primary_category":[],"jnews_social_meta":[],"jnews_override_counter":[],"footnotes":""},"categories":[29],"tags":[],"class_list":["post-69618","post","type-post","status-publish","format-standard","has-post-thumbnail","hentry","category-externe_ro"],"_links":{"self":[{"href":"https:\/\/orheifm.live\/index.php\/wp-json\/wp\/v2\/posts\/69618","targetHints":{"allow":["GET"]}}],"collection":[{"href":"https:\/\/orheifm.live\/index.php\/wp-json\/wp\/v2\/posts"}],"about":[{"href":"https:\/\/orheifm.live\/index.php\/wp-json\/wp\/v2\/types\/post"}],"author":[{"embeddable":true,"href":"https:\/\/orheifm.live\/index.php\/wp-json\/wp\/v2\/users\/1"}],"replies":[{"embeddable":true,"href":"https:\/\/orheifm.live\/index.php\/wp-json\/wp\/v2\/comments?post=69618"}],"version-history":[{"count":0,"href":"https:\/\/orheifm.live\/index.php\/wp-json\/wp\/v2\/posts\/69618\/revisions"}],"wp:featuredmedia":[{"embeddable":true,"href":"https:\/\/orheifm.live\/index.php\/wp-json\/wp\/v2\/media\/69619"}],"wp:attachment":[{"href":"https:\/\/orheifm.live\/index.php\/wp-json\/wp\/v2\/media?parent=69618"}],"wp:term":[{"taxonomy":"category","embeddable":true,"href":"https:\/\/orheifm.live\/index.php\/wp-json\/wp\/v2\/categories?post=69618"},{"taxonomy":"post_tag","embeddable":true,"href":"https:\/\/orheifm.live\/index.php\/wp-json\/wp\/v2\/tags?post=69618"}],"curies":[{"name":"wp","href":"https:\/\/api.w.org\/{rel}","templated":true}]}}