{"id":69616,"date":"2025-03-23T17:40:03","date_gmt":"2025-03-23T15:40:03","guid":{"rendered":"https:\/\/orheifm.live\/index.php\/2025\/03\/23\/gata-cu-caldura-in-chisinau-deconectarile-incep-pe-24-martie\/"},"modified":"2025-03-23T17:40:03","modified_gmt":"2025-03-23T15:40:03","slug":"gata-cu-caldura-in-chisinau-deconectarile-incep-pe-24-martie","status":"publish","type":"post","link":"https:\/\/orheifm.live\/index.php\/2025\/03\/23\/gata-cu-caldura-in-chisinau-deconectarile-incep-pe-24-martie\/","title":{"rendered":"Gata cu c\u0103ldura \u00een Chi\u0219in\u0103u: Deconect\u0103rile \u00eencep pe 24 martie"},"content":{"rendered":"<div>\n<p><strong>Prim\u0103ria Chi\u0219in\u0103u a anun\u021bat c\u0103, \u00eencep\u00e2nd cu 24 martie 2025, sezonul de \u00eenc\u0103lzire 2024-2025 a fost \u00eenchis pentru to\u021bi consumatorii. <\/strong><\/p>\n<p>Furnizorii de energie termic\u0103, inclusiv \u201eTermoelectrica\u201d, vor deconecta institu\u021biile \u0219i locuin\u021bele de la sistemul centralizat, conform solicit\u0103rilor.<\/p>\n<p>Totu\u0219i, consumatorii vor continua s\u0103 beneficieze de ap\u0103 cald\u0103 menajer\u0103.<\/p>\n<\/div>\n","protected":false},"excerpt":{"rendered":"<div><img loading=\"lazy\" decoding=\"async\" width=\"696\" height=\"391\" src=\"https:\/\/canal5.md\/wp-content\/uploads\/2025\/03\/caldura-mai-scumpa-la-chisinau-900x505-1-optimized.jpg\" class=\"attachment-large size-large wp-post-image\" alt=\"\" srcset=\"https:\/\/canal5.md\/wp-content\/uploads\/2025\/03\/caldura-mai-scumpa-la-chisinau-900x505-1-optimized.jpg 900w, https:\/\/canal5.md\/wp-content\/uploads\/2025\/03\/caldura-mai-scumpa-la-chisinau-900x505-1-300x168-optimized.jpg 300w, https:\/\/canal5.md\/wp-content\/uploads\/2025\/03\/caldura-mai-scumpa-la-chisinau-900x505-1-768x431-optimized.jpg 768w, https:\/\/canal5.md\/wp-content\/uploads\/2025\/03\/caldura-mai-scumpa-la-chisinau-900x505-1-696x391-optimized.jpg 696w\">Prim\u0103ria Chi\u0219in\u0103u a anun\u021bat c\u0103, \u00eencep\u00e2nd cu 24 martie 2025, sezonul de \u00eenc\u0103lzire 2024-2025 a fost \u00eenchis pentru to\u021bi consumatorii. Furnizorii de energie termic\u0103, inclusiv \u201eTermoelectrica\u201d, vor deconecta institu\u021biile \u0219i locuin\u021bele de la sistemul centralizat, conform solicit\u0103rilor. Totu\u0219i, consumatorii vor continua s\u0103 beneficieze de ap\u0103 cald\u0103 menajer\u0103.<\/div>\n","protected":false},"author":1,"featured_media":69617,"comment_status":"closed","ping_status":"closed","sticky":false,"template":"","format":"standard","meta":{"jnews-multi-image_gallery":[],"jnews_single_post":[],"jnews_primary_category":[],"jnews_social_meta":[],"jnews_override_counter":[],"footnotes":""},"categories":[30],"tags":[],"class_list":["post-69616","post","type-post","status-publish","format-standard","has-post-thumbnail","hentry","category-social_ro"],"_links":{"self":[{"href":"https:\/\/orheifm.live\/index.php\/wp-json\/wp\/v2\/posts\/69616","targetHints":{"allow":["GET"]}}],"collection":[{"href":"https:\/\/orheifm.live\/index.php\/wp-json\/wp\/v2\/posts"}],"about":[{"href":"https:\/\/orheifm.live\/index.php\/wp-json\/wp\/v2\/types\/post"}],"author":[{"embeddable":true,"href":"https:\/\/orheifm.live\/index.php\/wp-json\/wp\/v2\/users\/1"}],"replies":[{"embeddable":true,"href":"https:\/\/orheifm.live\/index.php\/wp-json\/wp\/v2\/comments?post=69616"}],"version-history":[{"count":0,"href":"https:\/\/orheifm.live\/index.php\/wp-json\/wp\/v2\/posts\/69616\/revisions"}],"wp:featuredmedia":[{"embeddable":true,"href":"https:\/\/orheifm.live\/index.php\/wp-json\/wp\/v2\/media\/69617"}],"wp:attachment":[{"href":"https:\/\/orheifm.live\/index.php\/wp-json\/wp\/v2\/media?parent=69616"}],"wp:term":[{"taxonomy":"category","embeddable":true,"href":"https:\/\/orheifm.live\/index.php\/wp-json\/wp\/v2\/categories?post=69616"},{"taxonomy":"post_tag","embeddable":true,"href":"https:\/\/orheifm.live\/index.php\/wp-json\/wp\/v2\/tags?post=69616"}],"curies":[{"name":"wp","href":"https:\/\/api.w.org\/{rel}","templated":true}]}}