{"id":69608,"date":"2025-03-23T14:00:14","date_gmt":"2025-03-23T12:00:14","guid":{"rendered":"https:\/\/orheifm.live\/index.php\/2025\/03\/23\/82858\/"},"modified":"2025-03-23T14:00:14","modified_gmt":"2025-03-23T12:00:14","slug":"82858","status":"publish","type":"post","link":"https:\/\/orheifm.live\/index.php\/2025\/03\/23\/82858\/","title":{"rendered":"Proteste \u00een Turcia dup\u0103 arestarea primarului Istanbulului"},"content":{"rendered":"<div>\n<p class=\"\" data-start=\"19\" data-end=\"577\"><strong>Ministerul Afacerilor Externe a emis o aten\u021bionare de c\u0103l\u0103torie pentru Turcia, recomand\u00e2nd celor care se afl\u0103 \u00een aceast\u0103 \u021bar\u0103 sau doresc s\u0103 c\u0103l\u0103toreasc\u0103 acolo s\u0103 verifice cu aten\u021bie traseul, av\u00e2nd \u00een vedere protestele din mai multe ora\u0219e.<\/strong><\/p>\n<p class=\"\" data-start=\"19\" data-end=\"577\">Acestea se desf\u0103\u0219oar\u0103 \u00een Ankara, Istanbul, Izmir \u0219i alte ora\u0219e, fiind vizate pie\u021bele mari \u0219i artere principale din ora\u0219ele turce\u0219ti, precum \u0219i zonele centrale \u0219i turistice din Istanbul, precum Beyoglu, Galata, Taksim, Istiklal \u0219i Eminonu, \u0219i zonele din apropierea universit\u0103\u021bilor \u0219i sediilor administrative.<\/p>\n<p class=\"\" data-start=\"579\" data-end=\"890\">Ministerul rom\u00e2n recomand\u0103 cet\u0103\u021benilor s\u0103 urmeze instruc\u021biunile autorit\u0103\u021bilor locale \u0219i s\u0103 evite aglomera\u021biile. \u00cen caz de urgen\u021b\u0103, rom\u00e2nii pot solicita asisten\u021b\u0103 consular\u0103 la Ambasada Rom\u00e2niei din Ankara, Consulatul General din Istanbul sau Izmir, iar pentru situa\u021bii urgente exist\u0103 numere de telefon dedicate.<\/p>\n<p class=\"\" data-start=\"892\" data-end=\"1061\">Protestele au \u00eenceput ca o reac\u021bie la arestarea primarului Istanbulului, Ekrem Imamoglu, fiind organizate de opozi\u021bia turc\u0103 care denun\u021b\u0103 aceast\u0103 m\u0103sur\u0103 ca fiind ilegal\u0103.<\/p>\n<\/div>\n","protected":false},"excerpt":{"rendered":"<div><img loading=\"lazy\" decoding=\"async\" width=\"696\" height=\"392\" src=\"https:\/\/canal5.md\/wp-content\/uploads\/2025\/03\/9ac3e83033986860074c3df7135c349cb169f2c8f25b2ebbab2edfa1ed144038-optimized.png\" class=\"attachment-large size-large wp-post-image\" alt=\"\" srcset=\"https:\/\/canal5.md\/wp-content\/uploads\/2025\/03\/9ac3e83033986860074c3df7135c349cb169f2c8f25b2ebbab2edfa1ed144038-optimized.png 800w, https:\/\/canal5.md\/wp-content\/uploads\/2025\/03\/9ac3e83033986860074c3df7135c349cb169f2c8f25b2ebbab2edfa1ed144038-300x169-optimized.png 300w, https:\/\/canal5.md\/wp-content\/uploads\/2025\/03\/9ac3e83033986860074c3df7135c349cb169f2c8f25b2ebbab2edfa1ed144038-768x432-optimized.png 768w, https:\/\/canal5.md\/wp-content\/uploads\/2025\/03\/9ac3e83033986860074c3df7135c349cb169f2c8f25b2ebbab2edfa1ed144038-696x392-optimized.png 696w\">Ministerul Afacerilor Externe a emis o aten\u021bionare de c\u0103l\u0103torie pentru Turcia, recomand\u00e2nd celor care se afl\u0103 \u00een aceast\u0103 \u021bar\u0103 sau doresc s\u0103 c\u0103l\u0103toreasc\u0103 acolo s\u0103 verifice cu aten\u021bie traseul, av\u00e2nd \u00een vedere protestele din mai multe ora\u0219e. Acestea se desf\u0103\u0219oar\u0103 \u00een Ankara, Istanbul, Izmir \u0219i alte ora\u0219e, fiind vizate pie\u021bele mari \u0219i artere principale din [\u2026]<\/div>\n","protected":false},"author":1,"featured_media":69609,"comment_status":"closed","ping_status":"closed","sticky":false,"template":"","format":"standard","meta":{"jnews-multi-image_gallery":[],"jnews_single_post":[],"jnews_primary_category":[],"jnews_social_meta":[],"jnews_override_counter":[],"footnotes":""},"categories":[30],"tags":[],"class_list":["post-69608","post","type-post","status-publish","format-standard","has-post-thumbnail","hentry","category-social_ro"],"_links":{"self":[{"href":"https:\/\/orheifm.live\/index.php\/wp-json\/wp\/v2\/posts\/69608","targetHints":{"allow":["GET"]}}],"collection":[{"href":"https:\/\/orheifm.live\/index.php\/wp-json\/wp\/v2\/posts"}],"about":[{"href":"https:\/\/orheifm.live\/index.php\/wp-json\/wp\/v2\/types\/post"}],"author":[{"embeddable":true,"href":"https:\/\/orheifm.live\/index.php\/wp-json\/wp\/v2\/users\/1"}],"replies":[{"embeddable":true,"href":"https:\/\/orheifm.live\/index.php\/wp-json\/wp\/v2\/comments?post=69608"}],"version-history":[{"count":0,"href":"https:\/\/orheifm.live\/index.php\/wp-json\/wp\/v2\/posts\/69608\/revisions"}],"wp:featuredmedia":[{"embeddable":true,"href":"https:\/\/orheifm.live\/index.php\/wp-json\/wp\/v2\/media\/69609"}],"wp:attachment":[{"href":"https:\/\/orheifm.live\/index.php\/wp-json\/wp\/v2\/media?parent=69608"}],"wp:term":[{"taxonomy":"category","embeddable":true,"href":"https:\/\/orheifm.live\/index.php\/wp-json\/wp\/v2\/categories?post=69608"},{"taxonomy":"post_tag","embeddable":true,"href":"https:\/\/orheifm.live\/index.php\/wp-json\/wp\/v2\/tags?post=69608"}],"curies":[{"name":"wp","href":"https:\/\/api.w.org\/{rel}","templated":true}]}}