{"id":69604,"date":"2025-03-23T13:20:49","date_gmt":"2025-03-23T11:20:49","guid":{"rendered":"https:\/\/orheifm.live\/index.php\/2025\/03\/23\/matusa-alisei-fetita-abuzata-acuza-autoritatile-de-musamalizarea-cazului\/"},"modified":"2025-03-23T13:20:49","modified_gmt":"2025-03-23T11:20:49","slug":"matusa-alisei-fetita-abuzata-acuza-autoritatile-de-musamalizarea-cazului","status":"publish","type":"post","link":"https:\/\/orheifm.live\/index.php\/2025\/03\/23\/matusa-alisei-fetita-abuzata-acuza-autoritatile-de-musamalizarea-cazului\/","title":{"rendered":"M\u0103tu\u0219a Alisei, feti\u021ba abuzat\u0103, acuz\u0103 autorit\u0103\u021bile de mu\u0219amalizarea cazului"},"content":{"rendered":"<div>\n<p><strong>M\u0103tu\u0219a Alisei, feti\u021ba de un an \u0219i dou\u0103 luni care a suferit abuzuri fizice \u0219i malnutri\u021bie din partea mamei sale, a acuzat autorit\u0103\u021bile c\u0103 au ascuns cauza r\u0103nilor copilului \u0219i c\u0103 au permis \u00eent\u00e2lniri \u00eentre mama abuziv\u0103 \u0219i micu\u021b\u0103, pun\u00e2nd \u00een pericol s\u0103n\u0103tatea psihic\u0103 a feti\u021bei. <\/strong><\/p>\n<p>M\u0103tu\u0219a a criticat Ministerul Muncii \u0219i Protec\u021biei Sociale, Agen\u021bia de Asisten\u021b\u0103 Social\u0103 din H\u00e2nce\u0219ti \u0219i justi\u021bia din R. Moldova pentru corup\u021bie \u0219i tratamente inadecvate fa\u021b\u0103 de victimele abuzurilor. Ea a subliniat c\u0103, de\u0219i Alisa a \u00eenceput s\u0103 se recupereze \u0219i s\u0103 se simt\u0103 \u00een siguran\u021b\u0103, autorit\u0103\u021bile impun riscuri suplimentare pentru copil, continu\u00e2nd s\u0103 permit\u0103 \u00eent\u00e2lniri cu mama.<\/p>\n<p>Pe 26 martie, va avea loc o \u0219edin\u021b\u0103 de judecat\u0103 pentru a decide stabilirea domiciliului feti\u021bei. M\u0103tu\u0219a sper\u0103 \u00eentr-o decizie corect\u0103, \u00een interesul Alisei. Tat\u0103l micu\u021bei a intervenit \u0219i a publicat un video \u00een care Poli\u021bia, \u00eempreun\u0103 cu mama, veneau pentru a o vedea pe Alisa. Acesta a cerut ca autorit\u0103\u021bile s\u0103 nu permit\u0103 mu\u0219amalizarea cazului \u0219i s\u0103 protejeze feti\u021ba.<\/p>\n<p>\u00cen urm\u0103 cu ceva timp, tat\u0103l a instalat o camer\u0103 ascuns\u0103, care a surprins imagini cu mama b\u0103t\u00e2ndu-\u0219i copilul. Dup\u0103 ce a observat v\u00e2n\u0103t\u0103ile de pe corpul feti\u021bei, el a alertat Poli\u021bia, iar mama a fost plasat\u0103 sub interdic\u021bie de a se apropia de copil. Ministrul S\u0103n\u0103t\u0103\u021bii, Ala Nemerenco, a declarat c\u0103 femeia va fi evaluat\u0103 psihologic \u0219i psihiatric.<\/p>\n<\/div>\n","protected":false},"excerpt":{"rendered":"<div><img loading=\"lazy\" decoding=\"async\" width=\"513\" height=\"560\" src=\"https:\/\/canal5.md\/wp-content\/uploads\/2025\/03\/snimok-ekrana_23-3-2025_13614_stiri.md_-optimized.jpeg\" class=\"attachment-large size-large wp-post-image\" alt=\"\" srcset=\"https:\/\/canal5.md\/wp-content\/uploads\/2025\/03\/snimok-ekrana_23-3-2025_13614_stiri.md_-optimized.jpeg 513w, https:\/\/canal5.md\/wp-content\/uploads\/2025\/03\/snimok-ekrana_23-3-2025_13614_stiri.md_-275x300-optimized.jpeg 275w\">M\u0103tu\u0219a Alisei, feti\u021ba de un an \u0219i dou\u0103 luni care a suferit abuzuri fizice \u0219i malnutri\u021bie din partea mamei sale, a acuzat autorit\u0103\u021bile c\u0103 au ascuns cauza r\u0103nilor copilului \u0219i c\u0103 au permis \u00eent\u00e2lniri \u00eentre mama abuziv\u0103 \u0219i micu\u021b\u0103, pun\u00e2nd \u00een pericol s\u0103n\u0103tatea psihic\u0103 a feti\u021bei. M\u0103tu\u0219a a criticat Ministerul Muncii \u0219i Protec\u021biei Sociale, Agen\u021bia [\u2026]<\/div>\n","protected":false},"author":1,"featured_media":69605,"comment_status":"closed","ping_status":"closed","sticky":false,"template":"","format":"standard","meta":{"jnews-multi-image_gallery":[],"jnews_single_post":[],"jnews_primary_category":[],"jnews_social_meta":[],"jnews_override_counter":[],"footnotes":""},"categories":[30],"tags":[],"class_list":["post-69604","post","type-post","status-publish","format-standard","has-post-thumbnail","hentry","category-social_ro"],"_links":{"self":[{"href":"https:\/\/orheifm.live\/index.php\/wp-json\/wp\/v2\/posts\/69604","targetHints":{"allow":["GET"]}}],"collection":[{"href":"https:\/\/orheifm.live\/index.php\/wp-json\/wp\/v2\/posts"}],"about":[{"href":"https:\/\/orheifm.live\/index.php\/wp-json\/wp\/v2\/types\/post"}],"author":[{"embeddable":true,"href":"https:\/\/orheifm.live\/index.php\/wp-json\/wp\/v2\/users\/1"}],"replies":[{"embeddable":true,"href":"https:\/\/orheifm.live\/index.php\/wp-json\/wp\/v2\/comments?post=69604"}],"version-history":[{"count":0,"href":"https:\/\/orheifm.live\/index.php\/wp-json\/wp\/v2\/posts\/69604\/revisions"}],"wp:featuredmedia":[{"embeddable":true,"href":"https:\/\/orheifm.live\/index.php\/wp-json\/wp\/v2\/media\/69605"}],"wp:attachment":[{"href":"https:\/\/orheifm.live\/index.php\/wp-json\/wp\/v2\/media?parent=69604"}],"wp:term":[{"taxonomy":"category","embeddable":true,"href":"https:\/\/orheifm.live\/index.php\/wp-json\/wp\/v2\/categories?post=69604"},{"taxonomy":"post_tag","embeddable":true,"href":"https:\/\/orheifm.live\/index.php\/wp-json\/wp\/v2\/tags?post=69604"}],"curies":[{"name":"wp","href":"https:\/\/api.w.org\/{rel}","templated":true}]}}