{"id":69602,"date":"2025-03-23T13:03:40","date_gmt":"2025-03-23T11:03:40","guid":{"rendered":"https:\/\/orheifm.live\/index.php\/2025\/03\/23\/protest-la-anenii-noi-oamenii-se-opun-ingroparii-porcilor-infectati-cu-pesta-africana\/"},"modified":"2025-03-23T13:03:40","modified_gmt":"2025-03-23T11:03:40","slug":"protest-la-anenii-noi-oamenii-se-opun-ingroparii-porcilor-infectati-cu-pesta-africana","status":"publish","type":"post","link":"https:\/\/orheifm.live\/index.php\/2025\/03\/23\/protest-la-anenii-noi-oamenii-se-opun-ingroparii-porcilor-infectati-cu-pesta-africana\/","title":{"rendered":"Protest la Anenii Noi: Oamenii se opun \u00eengrop\u0103rii porcilor infecta\u021bi cu pest\u0103 african\u0103"},"content":{"rendered":"<div>\n<p class=\"\" data-start=\"0\" data-end=\"359\"><strong>Cet\u0103\u021benii din satele Ro\u0219cani \u0219i Calfa, raionul Anenii Noi, au organizat un protest la gropile unde sunt \u00eengropa\u021bi porcii infecta\u021bi cu pesta african\u0103.<\/strong><\/p>\n<p class=\"\" data-start=\"0\" data-end=\"359\">Oamenii au strigat: \u201eOpri\u021bi \u00eengroparea!<\/p>\n<p class=\"\" data-start=\"0\" data-end=\"359\">Ce ne facem c\u00e2nd vine c\u0103ldura?\u201d \u0219i au exprimat \u00eengrijorarea c\u0103, \u00een ciuda temperaturilor sc\u0103zute de acum, situa\u021bia se va \u00eenr\u0103ut\u0103\u021bi pe m\u0103sur\u0103 ce temperaturile vor cre\u0219te.<\/p>\n<p class=\"\" data-start=\"361\" data-end=\"740\">Agen\u021bia Na\u021bional\u0103 pentru Siguran\u021ba Alimentelor (ANSA) a raportat la 16 martie despre un focar de pest\u0103 porcin\u0103 african\u0103 la o ferm\u0103 comercial\u0103 din extravilanul localit\u0103\u021bii Ro\u0219cani, iar pe 17 martie, Comisia pentru Situa\u021bii Excep\u021bionale a decis sacrificarea celor 65.000 de porci infecta\u021bi. Protestatarii se tem c\u0103 mirosul \u0219i riscurile pot deveni insuportabile \u00een lunile urm\u0103toare.<\/p>\n<\/div>\n","protected":false},"excerpt":{"rendered":"<div><img loading=\"lazy\" decoding=\"async\" width=\"696\" height=\"392\" src=\"https:\/\/canal5.md\/wp-content\/uploads\/2025\/03\/9dcf3d10d30ab62a3ce26be6e7f6f2b566f1100b463d8a45188200ddb917a226-optimized.png\" class=\"attachment-large size-large wp-post-image\" alt=\"\" srcset=\"https:\/\/canal5.md\/wp-content\/uploads\/2025\/03\/9dcf3d10d30ab62a3ce26be6e7f6f2b566f1100b463d8a45188200ddb917a226-optimized.png 800w, https:\/\/canal5.md\/wp-content\/uploads\/2025\/03\/9dcf3d10d30ab62a3ce26be6e7f6f2b566f1100b463d8a45188200ddb917a226-300x169-optimized.png 300w, https:\/\/canal5.md\/wp-content\/uploads\/2025\/03\/9dcf3d10d30ab62a3ce26be6e7f6f2b566f1100b463d8a45188200ddb917a226-768x432-optimized.png 768w, https:\/\/canal5.md\/wp-content\/uploads\/2025\/03\/9dcf3d10d30ab62a3ce26be6e7f6f2b566f1100b463d8a45188200ddb917a226-696x392-optimized.png 696w\">Cet\u0103\u021benii din satele Ro\u0219cani \u0219i Calfa, raionul Anenii Noi, au organizat un protest la gropile unde sunt \u00eengropa\u021bi porcii infecta\u021bi cu pesta african\u0103. Oamenii au strigat: \u201eOpri\u021bi \u00eengroparea! Ce ne facem c\u00e2nd vine c\u0103ldura?\u201d \u0219i au exprimat \u00eengrijorarea c\u0103, \u00een ciuda temperaturilor sc\u0103zute de acum, situa\u021bia se va \u00eenr\u0103ut\u0103\u021bi pe m\u0103sur\u0103 ce temperaturile vor cre\u0219te. [\u2026]<\/div>\n","protected":false},"author":1,"featured_media":69603,"comment_status":"closed","ping_status":"closed","sticky":false,"template":"","format":"standard","meta":{"jnews-multi-image_gallery":[],"jnews_single_post":[],"jnews_primary_category":[],"jnews_social_meta":[],"jnews_override_counter":[],"footnotes":""},"categories":[30],"tags":[],"class_list":["post-69602","post","type-post","status-publish","format-standard","has-post-thumbnail","hentry","category-social_ro"],"_links":{"self":[{"href":"https:\/\/orheifm.live\/index.php\/wp-json\/wp\/v2\/posts\/69602","targetHints":{"allow":["GET"]}}],"collection":[{"href":"https:\/\/orheifm.live\/index.php\/wp-json\/wp\/v2\/posts"}],"about":[{"href":"https:\/\/orheifm.live\/index.php\/wp-json\/wp\/v2\/types\/post"}],"author":[{"embeddable":true,"href":"https:\/\/orheifm.live\/index.php\/wp-json\/wp\/v2\/users\/1"}],"replies":[{"embeddable":true,"href":"https:\/\/orheifm.live\/index.php\/wp-json\/wp\/v2\/comments?post=69602"}],"version-history":[{"count":0,"href":"https:\/\/orheifm.live\/index.php\/wp-json\/wp\/v2\/posts\/69602\/revisions"}],"wp:featuredmedia":[{"embeddable":true,"href":"https:\/\/orheifm.live\/index.php\/wp-json\/wp\/v2\/media\/69603"}],"wp:attachment":[{"href":"https:\/\/orheifm.live\/index.php\/wp-json\/wp\/v2\/media?parent=69602"}],"wp:term":[{"taxonomy":"category","embeddable":true,"href":"https:\/\/orheifm.live\/index.php\/wp-json\/wp\/v2\/categories?post=69602"},{"taxonomy":"post_tag","embeddable":true,"href":"https:\/\/orheifm.live\/index.php\/wp-json\/wp\/v2\/tags?post=69602"}],"curies":[{"name":"wp","href":"https:\/\/api.w.org\/{rel}","templated":true}]}}