{"id":69596,"date":"2025-03-23T11:05:13","date_gmt":"2025-03-23T09:05:13","guid":{"rendered":"https:\/\/orheifm.live\/index.php\/2025\/03\/23\/barbat-condamnat-la-6-ani-de-inchisoare-pentru-tentativa-de-viol\/"},"modified":"2025-03-23T11:05:13","modified_gmt":"2025-03-23T09:05:13","slug":"barbat-condamnat-la-6-ani-de-inchisoare-pentru-tentativa-de-viol","status":"publish","type":"post","link":"https:\/\/orheifm.live\/index.php\/2025\/03\/23\/barbat-condamnat-la-6-ani-de-inchisoare-pentru-tentativa-de-viol\/","title":{"rendered":"B\u0103rbat condamnat la 6 ani de \u00eenchisoare pentru tentativ\u0103 de viol"},"content":{"rendered":"<div>\n<p><strong>Un b\u0103rbat din nordul \u021b\u0103rii a fost condamnat la 6 ani de \u00eenchisoare cu executare \u00een penitenciar de tip semi\u00eenchis pentru tentativ\u0103 de viol. <\/strong><\/p>\n<p>Conform Procuraturii Generale, \u00een seara de 2 noiembrie 2023, b\u0103rbatul, aflat \u00een locuin\u021ba unei femei de 61 de ani, a \u00eencercat s\u0103 \u00eentre\u021bin\u0103 un raport sexual neconsim\u021bit cu aceasta. \u00cens\u0103 inten\u021bia sa nu a fost dus\u0103 la cap\u0103t din cauza rezisten\u021bei fizice a victimei \u0219i a interven\u021biei unei ter\u021be persoane.<\/p>\n<p>B\u0103rbatul de 39 de ani a pledat nevinovat, dar nu este la prima abatere de acest tip, fiind anterior condamnat pentru fapte similare. Procuratura subliniaz\u0103 c\u0103 aceast\u0103 condamnare reflect\u0103 gravitatea faptei \u0219i are un rol preventiv pentru al\u021bi indivizi predispu\u0219i la infrac\u021biuni similare.<\/p>\n<p>De asemenea, instan\u021ba a transmis un mesaj clar privind protejarea drepturilor \u0219i libert\u0103\u021bilor fundamentale prin lege, iar \u00eenc\u0103lcarea acestora atrage sanc\u021biuni penale. Sentin\u021ba nu este definitiv\u0103 \u0219i poate fi atacat\u0103 \u00een termen de 15 zile la Curtea de Apel Nord.<\/p>\n<\/div>\n","protected":false},"excerpt":{"rendered":"<div><img loading=\"lazy\" decoding=\"async\" width=\"696\" height=\"392\" src=\"https:\/\/canal5.md\/wp-content\/uploads\/2025\/03\/27825a7a5cfb269a61b75294c6453c69c25a0f281f24ffac8b0bd7fad5a8e8a5-1024x576-optimized.png\" class=\"attachment-large size-large wp-post-image\" alt=\"\" srcset=\"https:\/\/canal5.md\/wp-content\/uploads\/2025\/03\/27825a7a5cfb269a61b75294c6453c69c25a0f281f24ffac8b0bd7fad5a8e8a5-1024x576-optimized.png 1024w, https:\/\/canal5.md\/wp-content\/uploads\/2025\/03\/27825a7a5cfb269a61b75294c6453c69c25a0f281f24ffac8b0bd7fad5a8e8a5-300x169-optimized.png 300w, https:\/\/canal5.md\/wp-content\/uploads\/2025\/03\/27825a7a5cfb269a61b75294c6453c69c25a0f281f24ffac8b0bd7fad5a8e8a5-768x432-optimized.png 768w, https:\/\/canal5.md\/wp-content\/uploads\/2025\/03\/27825a7a5cfb269a61b75294c6453c69c25a0f281f24ffac8b0bd7fad5a8e8a5-696x392-optimized.png 696w, https:\/\/canal5.md\/wp-content\/uploads\/2025\/03\/27825a7a5cfb269a61b75294c6453c69c25a0f281f24ffac8b0bd7fad5a8e8a5-1068x601-optimized.png 1068w, https:\/\/canal5.md\/wp-content\/uploads\/2025\/03\/27825a7a5cfb269a61b75294c6453c69c25a0f281f24ffac8b0bd7fad5a8e8a5-optimized.png 1200w\">Un b\u0103rbat din nordul \u021b\u0103rii a fost condamnat la 6 ani de \u00eenchisoare cu executare \u00een penitenciar de tip semi\u00eenchis pentru tentativ\u0103 de viol. Conform Procuraturii Generale, \u00een seara de 2 noiembrie 2023, b\u0103rbatul, aflat \u00een locuin\u021ba unei femei de 61 de ani, a \u00eencercat s\u0103 \u00eentre\u021bin\u0103 un raport sexual neconsim\u021bit cu aceasta. \u00cens\u0103 inten\u021bia [\u2026]<\/div>\n","protected":false},"author":1,"featured_media":69597,"comment_status":"closed","ping_status":"closed","sticky":false,"template":"","format":"standard","meta":{"jnews-multi-image_gallery":[],"jnews_single_post":[],"jnews_primary_category":[],"jnews_social_meta":[],"jnews_override_counter":[],"footnotes":""},"categories":[30],"tags":[],"class_list":["post-69596","post","type-post","status-publish","format-standard","has-post-thumbnail","hentry","category-social_ro"],"_links":{"self":[{"href":"https:\/\/orheifm.live\/index.php\/wp-json\/wp\/v2\/posts\/69596","targetHints":{"allow":["GET"]}}],"collection":[{"href":"https:\/\/orheifm.live\/index.php\/wp-json\/wp\/v2\/posts"}],"about":[{"href":"https:\/\/orheifm.live\/index.php\/wp-json\/wp\/v2\/types\/post"}],"author":[{"embeddable":true,"href":"https:\/\/orheifm.live\/index.php\/wp-json\/wp\/v2\/users\/1"}],"replies":[{"embeddable":true,"href":"https:\/\/orheifm.live\/index.php\/wp-json\/wp\/v2\/comments?post=69596"}],"version-history":[{"count":0,"href":"https:\/\/orheifm.live\/index.php\/wp-json\/wp\/v2\/posts\/69596\/revisions"}],"wp:featuredmedia":[{"embeddable":true,"href":"https:\/\/orheifm.live\/index.php\/wp-json\/wp\/v2\/media\/69597"}],"wp:attachment":[{"href":"https:\/\/orheifm.live\/index.php\/wp-json\/wp\/v2\/media?parent=69596"}],"wp:term":[{"taxonomy":"category","embeddable":true,"href":"https:\/\/orheifm.live\/index.php\/wp-json\/wp\/v2\/categories?post=69596"},{"taxonomy":"post_tag","embeddable":true,"href":"https:\/\/orheifm.live\/index.php\/wp-json\/wp\/v2\/tags?post=69596"}],"curies":[{"name":"wp","href":"https:\/\/api.w.org\/{rel}","templated":true}]}}