{"id":69592,"date":"2025-03-23T10:07:03","date_gmt":"2025-03-23T08:07:03","guid":{"rendered":"https:\/\/orheifm.live\/index.php\/2025\/03\/23\/prognoza-meteo-innorari-si-precipitatii-slabe-in-intreaga-tara\/"},"modified":"2025-03-23T10:07:03","modified_gmt":"2025-03-23T08:07:03","slug":"prognoza-meteo-innorari-si-precipitatii-slabe-in-intreaga-tara","status":"publish","type":"post","link":"https:\/\/orheifm.live\/index.php\/2025\/03\/23\/prognoza-meteo-innorari-si-precipitatii-slabe-in-intreaga-tara\/","title":{"rendered":"Prognoza Meteo: \u00cennor\u0103ri \u0219i Precipita\u021bii Slabe \u00een \u00eentreaga \u021bar\u0103"},"content":{"rendered":"<div>\n<p><strong>Ast\u0103zi, meteorologii prognozeaz\u0103 \u00eennor\u0103ri variabile \u0219i precipita\u021bii slabe pe teritoriul \u021b\u0103rii.<\/strong><\/p>\n<p>Temperaturile diurne vor varia astfel: \u00een sud, \u00eentre +5 \u0219i +7\u00b0C, \u00een centru, \u00eentre +8 \u0219i +10\u00b0C, iar \u00een nord, \u00eentre +11 \u0219i +13\u00b0C.<\/p>\n<p>V\u00e2ntul va sufla moderat din sud-est, cu intensific\u0103ri. Minimele termice se vor situa \u00eentre -3 \u0219i +2\u00b0C, urc\u00e2nd p\u00e2n\u0103 la +2\u2026+7\u00b0C.<\/p>\n<\/div>\n","protected":false},"excerpt":{"rendered":"<div><img loading=\"lazy\" decoding=\"async\" width=\"696\" height=\"458\" src=\"https:\/\/canal5.md\/wp-content\/uploads\/2025\/03\/804887-optimized.webp\" class=\"attachment-large size-large wp-post-image\" alt=\"\" srcset=\"https:\/\/canal5.md\/wp-content\/uploads\/2025\/03\/804887-optimized.webp 760w, https:\/\/canal5.md\/wp-content\/uploads\/2025\/03\/804887-300x197-optimized.webp 300w, https:\/\/canal5.md\/wp-content\/uploads\/2025\/03\/804887-696x458-optimized.webp 696w\">Ast\u0103zi, meteorologii prognozeaz\u0103 \u00eennor\u0103ri variabile \u0219i precipita\u021bii slabe pe teritoriul \u021b\u0103rii. Temperaturile diurne vor varia astfel: \u00een sud, \u00eentre +5 \u0219i +7\u00b0C, \u00een centru, \u00eentre +8 \u0219i +10\u00b0C, iar \u00een nord, \u00eentre +11 \u0219i +13\u00b0C. V\u00e2ntul va sufla moderat din sud-est, cu intensific\u0103ri. Minimele termice se vor situa \u00eentre -3 \u0219i +2\u00b0C, urc\u00e2nd p\u00e2n\u0103 la [\u2026]<\/div>\n","protected":false},"author":1,"featured_media":69593,"comment_status":"closed","ping_status":"closed","sticky":false,"template":"","format":"standard","meta":{"jnews-multi-image_gallery":[],"jnews_single_post":[],"jnews_primary_category":[],"jnews_social_meta":[],"jnews_override_counter":[],"footnotes":""},"categories":[30],"tags":[],"class_list":["post-69592","post","type-post","status-publish","format-standard","has-post-thumbnail","hentry","category-social_ro"],"_links":{"self":[{"href":"https:\/\/orheifm.live\/index.php\/wp-json\/wp\/v2\/posts\/69592","targetHints":{"allow":["GET"]}}],"collection":[{"href":"https:\/\/orheifm.live\/index.php\/wp-json\/wp\/v2\/posts"}],"about":[{"href":"https:\/\/orheifm.live\/index.php\/wp-json\/wp\/v2\/types\/post"}],"author":[{"embeddable":true,"href":"https:\/\/orheifm.live\/index.php\/wp-json\/wp\/v2\/users\/1"}],"replies":[{"embeddable":true,"href":"https:\/\/orheifm.live\/index.php\/wp-json\/wp\/v2\/comments?post=69592"}],"version-history":[{"count":0,"href":"https:\/\/orheifm.live\/index.php\/wp-json\/wp\/v2\/posts\/69592\/revisions"}],"wp:featuredmedia":[{"embeddable":true,"href":"https:\/\/orheifm.live\/index.php\/wp-json\/wp\/v2\/media\/69593"}],"wp:attachment":[{"href":"https:\/\/orheifm.live\/index.php\/wp-json\/wp\/v2\/media?parent=69592"}],"wp:term":[{"taxonomy":"category","embeddable":true,"href":"https:\/\/orheifm.live\/index.php\/wp-json\/wp\/v2\/categories?post=69592"},{"taxonomy":"post_tag","embeddable":true,"href":"https:\/\/orheifm.live\/index.php\/wp-json\/wp\/v2\/tags?post=69592"}],"curies":[{"name":"wp","href":"https:\/\/api.w.org\/{rel}","templated":true}]}}