{"id":69590,"date":"2025-03-22T17:59:18","date_gmt":"2025-03-22T15:59:18","guid":{"rendered":"https:\/\/orheifm.live\/index.php\/2025\/03\/22\/oficial-bec-a-decis-ordinea-candidatilor-pe-buletinele-de-vot-la-prezidentiale-cine-ocupa-prima-pozitie\/"},"modified":"2025-03-22T17:59:18","modified_gmt":"2025-03-22T15:59:18","slug":"oficial-bec-a-decis-ordinea-candidatilor-pe-buletinele-de-vot-la-prezidentiale-cine-ocupa-prima-pozitie","status":"publish","type":"post","link":"https:\/\/orheifm.live\/index.php\/2025\/03\/22\/oficial-bec-a-decis-ordinea-candidatilor-pe-buletinele-de-vot-la-prezidentiale-cine-ocupa-prima-pozitie\/","title":{"rendered":"OFICIAL! BEC a decis ordinea candida\u0163ilor pe buletinele de vot la preziden\u0163iale. Cine ocup\u0103 prima pozi\u021bie"},"content":{"rendered":"<div>\n<p><strong>\u201eBiroul Electoral Central pentru alegerea Pre\u015fedintelui Rom\u00e2niei din anul 2025 (BEC) aduce la cuno\u015ftin\u0163a publicului faptul c\u0103, \u00een conformitate cu prevederile art. 17 alin. (1) lit. c) din Legea nr. 370\/2004, republicat\u0103, cu modific\u0103rile \u015fi complet\u0103rile ulterioare, la data de 22 martie 2025, a fost stabilit\u0103, prin tragere la sor\u0163i, ordinea de \u00eenscriere \u00een buletinul de vot a candida\u0163ilor la alegerile pentru Pre\u015fedintele Rom\u00e2niei din anul 2025\u201d, informeaz\u0103 sursa citat\u0103 \u00eentr-un comunicat.<\/strong><\/p>\n<h3>Ordinea candida\u0163ilor pe buletinele de vot va fi urm\u0103toarea:<\/h3>\n<p>Pozi\u0163ia nr. 1 \u2013 GEORGE-NICOLAE SIMION \u2013 Alian\u0163a pentru Unirea Rom\u00e2nilor<br \/>\nPozi\u0163ia nr. 2 \u2013 GEORGE-CRIN-LAUREN\u0162IU ANTONESCU \u2013 Alian\u0163a Electoral\u0103 Rom\u00e2nia \u00cenainte<br \/>\nPozi\u0163ia nr. 3 \u2013 ELENA-VALERICA LASCONI \u2013 Uniunea Salva\u0163i Rom\u00e2nia<br \/>\nPozi\u0163ia nr. 4 \u2013 CRISTIAN-VASILE TERHE\u015e \u2013 Partidul Na\u0163ional Conservator Rom\u00e2n<br \/>\nPozi\u0163ia nr. 5 \u2013 MARCELA-LAVINIA \u015eANDRU \u2013 Partidul Umanist Social Liberal<br \/>\nPozi\u0163ia nr. 6 \u2013 VICTOR-VIOREL PONTA \u2013 candidat independent<br \/>\nPozi\u0163ia nr. 7 \u2013 SEBASTIAN-CONSTANTIN POPESCU \u2013 Partidul Noua Rom\u00e2nie<br \/>\nPozi\u0163ia nr. 8 \u2013 SILVIU PREDOIU \u2013 Partidul Liga Ac\u0163iunii Na\u0163ionale<br \/>\nPozi\u0163ia nr. 9 \u2013 JOHN-ION BANU-MUSCEL \u2013 candidat independent<br \/>\nPozi\u0163ia nr. 10 \u2013 PETRU-DANIEL FUNERIU \u2013 candidat independent<br \/>\nPozi\u0163ia nr. 11 \u2013 NICU\u015eOR-DANIEL DAN \u2013 candidat independent<\/p>\n<\/div>\n","protected":false},"excerpt":{"rendered":"<div><img loading=\"lazy\" decoding=\"async\" width=\"696\" height=\"392\" src=\"https:\/\/canal5.md\/wp-content\/uploads\/2025\/03\/8011457-mediafax-foto-emanuel-titus-iliesi-1-1024x683-1-1024x576-optimized.webp\" class=\"attachment-large size-large wp-post-image\" alt=\"\" srcset=\"https:\/\/canal5.md\/wp-content\/uploads\/2025\/03\/8011457-mediafax-foto-emanuel-titus-iliesi-1-1024x683-1-1024x576-optimized.webp 1024w, https:\/\/canal5.md\/wp-content\/uploads\/2025\/03\/8011457-mediafax-foto-emanuel-titus-iliesi-1-1024x683-1-300x169-optimized.webp 300w, https:\/\/canal5.md\/wp-content\/uploads\/2025\/03\/8011457-mediafax-foto-emanuel-titus-iliesi-1-1024x683-1-768x432-optimized.webp 768w, https:\/\/canal5.md\/wp-content\/uploads\/2025\/03\/8011457-mediafax-foto-emanuel-titus-iliesi-1-1024x683-1-696x392-optimized.webp 696w, https:\/\/canal5.md\/wp-content\/uploads\/2025\/03\/8011457-mediafax-foto-emanuel-titus-iliesi-1-1024x683-1-1068x601-optimized.webp 1068w, https:\/\/canal5.md\/wp-content\/uploads\/2025\/03\/8011457-mediafax-foto-emanuel-titus-iliesi-1-1024x683-1-optimized.webp 1280w\">\u201eBiroul Electoral Central pentru alegerea Pre\u015fedintelui Rom\u00e2niei din anul 2025 (BEC) aduce la cuno\u015ftin\u0163a publicului faptul c\u0103, \u00een conformitate cu prevederile art. 17 alin. (1) lit. c) din Legea nr. 370\/2004, republicat\u0103, cu modific\u0103rile \u015fi complet\u0103rile ulterioare, la data de 22 martie 2025, a fost stabilit\u0103, prin tragere la sor\u0163i, ordinea de \u00eenscriere \u00een buletinul [\u2026]<\/div>\n","protected":false},"author":1,"featured_media":69591,"comment_status":"closed","ping_status":"closed","sticky":false,"template":"","format":"standard","meta":{"jnews-multi-image_gallery":[],"jnews_single_post":[],"jnews_primary_category":[],"jnews_social_meta":[],"jnews_override_counter":[],"footnotes":""},"categories":[29],"tags":[],"class_list":["post-69590","post","type-post","status-publish","format-standard","has-post-thumbnail","hentry","category-externe_ro"],"_links":{"self":[{"href":"https:\/\/orheifm.live\/index.php\/wp-json\/wp\/v2\/posts\/69590","targetHints":{"allow":["GET"]}}],"collection":[{"href":"https:\/\/orheifm.live\/index.php\/wp-json\/wp\/v2\/posts"}],"about":[{"href":"https:\/\/orheifm.live\/index.php\/wp-json\/wp\/v2\/types\/post"}],"author":[{"embeddable":true,"href":"https:\/\/orheifm.live\/index.php\/wp-json\/wp\/v2\/users\/1"}],"replies":[{"embeddable":true,"href":"https:\/\/orheifm.live\/index.php\/wp-json\/wp\/v2\/comments?post=69590"}],"version-history":[{"count":0,"href":"https:\/\/orheifm.live\/index.php\/wp-json\/wp\/v2\/posts\/69590\/revisions"}],"wp:featuredmedia":[{"embeddable":true,"href":"https:\/\/orheifm.live\/index.php\/wp-json\/wp\/v2\/media\/69591"}],"wp:attachment":[{"href":"https:\/\/orheifm.live\/index.php\/wp-json\/wp\/v2\/media?parent=69590"}],"wp:term":[{"taxonomy":"category","embeddable":true,"href":"https:\/\/orheifm.live\/index.php\/wp-json\/wp\/v2\/categories?post=69590"},{"taxonomy":"post_tag","embeddable":true,"href":"https:\/\/orheifm.live\/index.php\/wp-json\/wp\/v2\/tags?post=69590"}],"curies":[{"name":"wp","href":"https:\/\/api.w.org\/{rel}","templated":true}]}}