{"id":69584,"date":"2025-03-22T16:30:48","date_gmt":"2025-03-22T14:30:48","guid":{"rendered":"https:\/\/orheifm.live\/index.php\/2025\/03\/22\/o-badanta-moldoveanca-arestata-in-italia-a-vrut-sa-obtina-resedinta-in-venetia-prezentand-un-document-fals\/"},"modified":"2025-03-22T16:30:48","modified_gmt":"2025-03-22T14:30:48","slug":"o-badanta-moldoveanca-arestata-in-italia-a-vrut-sa-obtina-resedinta-in-venetia-prezentand-un-document-fals","status":"publish","type":"post","link":"https:\/\/orheifm.live\/index.php\/2025\/03\/22\/o-badanta-moldoveanca-arestata-in-italia-a-vrut-sa-obtina-resedinta-in-venetia-prezentand-un-document-fals\/","title":{"rendered":"O badant\u0103 moldoveanc\u0103, arestat\u0103 \u00een Italia: A vrut s\u0103 ob\u021bin\u0103 re\u0219edin\u021ba \u00een Vene\u021bia, prezent\u00e2nd un document fals"},"content":{"rendered":"<div>\n<p>O femeie din Republica a fost arestat\u0103, pe 20 martie, \u00een Italia, dup\u0103 ce a \u00eencercat s\u0103 ob\u021bin\u0103 reziden\u021ba la Vene\u021bia cu un document fals. Moldoveanca, plecat\u0103 \u00een Italia \u00een urm\u0103 cu aproximativ un an, angajat\u0103 ca \u00eengrijitoare, s-a prezentat la oficiul de stare civil\u0103 din Vene\u021bia cu speran\u021ba de a-\u0219i oficializa re\u0219edin\u021ba \u00een ora\u0219, scrie\u00a0<a href=\"https:\/\/www.lapiazzaweb.it\/news\/cronaca\/427879\/venezia-richiesta-di-residenza-con-documento-falso-arrestata-una-badante-moldava.html?fbclid=IwY2xjawJLdBVleHRuA2FlbQIxMAABHTbKhEYDJtEIQ6JATF0mPULw1-LiIINx2q7cMpbGYLw5pSjgICBjY_jr8g_aem_OJ0jj6sp0Qr4ZfCEJKuKGA\">La piazza<\/a>.<\/p>\n<p>Descoperirea s-a produs datorit\u0103 verific\u0103rilor efectuate de Oficiul Registrului Municipiului Vene\u021bia. \u00cen timpul procedurilor, personalul a constatat neconcordan\u021be \u00een actul de identitate al femeii, care nu p\u0103rea s\u0103 corespund\u0103 standardelor oficiale. A fost sesizat\u0103 imediat poli\u021bia local\u0103, care a \u00eenceput verific\u0103rile.<\/p>\n<p>Unitatea de poli\u021bie local\u0103 specializat\u0103 \u00een documente false a \u00eenceput o anchet\u0103 aprofundat\u0103 la Camera Smart Control, unde s-a confirmat c\u0103 documentul aflat \u00een posesia femeii este contraf\u0103cut. \u00cen consecin\u021b\u0103, moldoveanca a fost arestat\u0103 pentru folosirea unui document fals, pe care \u00eel prezentase ca fiind autentic, pentru a-\u0219i depune cererea de reziden\u021b\u0103.<\/p>\n<p>La 21 martie, femeia s-a prezentat \u00een fa\u021ba instan\u021bei, care a luat decizia privind arestul. Moldoveanca a fost apoi eliberat\u0103, dar va trebui s\u0103 se prezinte \u00een fa\u021ba magistra\u021bilor la procesul care va avea loc \u00een iunie, ca s\u0103 r\u0103spund\u0103 la acuza\u021biile privind de\u021binerea \u0219i folosirea de documente false.<\/p>\n<\/div>\n","protected":false},"excerpt":{"rendered":"<div><img loading=\"lazy\" decoding=\"async\" width=\"696\" height=\"521\" src=\"https:\/\/canal5.md\/wp-content\/uploads\/2025\/03\/08de1d2a1709a0a42b6b95bf4b3b52e5893b46ee9abe3cc2b696066815998793-1068x799-1-1024x766-optimized.jpg\" class=\"attachment-large size-large wp-post-image\" alt=\"\" srcset=\"https:\/\/canal5.md\/wp-content\/uploads\/2025\/03\/08de1d2a1709a0a42b6b95bf4b3b52e5893b46ee9abe3cc2b696066815998793-1068x799-1-1024x766-optimized.jpg 1024w, https:\/\/canal5.md\/wp-content\/uploads\/2025\/03\/08de1d2a1709a0a42b6b95bf4b3b52e5893b46ee9abe3cc2b696066815998793-1068x799-1-300x224-optimized.jpg 300w, https:\/\/canal5.md\/wp-content\/uploads\/2025\/03\/08de1d2a1709a0a42b6b95bf4b3b52e5893b46ee9abe3cc2b696066815998793-1068x799-1-768x575-optimized.jpg 768w, https:\/\/canal5.md\/wp-content\/uploads\/2025\/03\/08de1d2a1709a0a42b6b95bf4b3b52e5893b46ee9abe3cc2b696066815998793-1068x799-1-696x521-optimized.jpg 696w, https:\/\/canal5.md\/wp-content\/uploads\/2025\/03\/08de1d2a1709a0a42b6b95bf4b3b52e5893b46ee9abe3cc2b696066815998793-1068x799-1-optimized.jpg 1068w\">O femeie din Republica a fost arestat\u0103, pe 20 martie, \u00een Italia, dup\u0103 ce a \u00eencercat s\u0103 ob\u021bin\u0103 reziden\u021ba la Vene\u021bia cu un document fals. Moldoveanca, plecat\u0103 \u00een Italia \u00een urm\u0103 cu aproximativ un an, angajat\u0103 ca \u00eengrijitoare, s-a prezentat la oficiul de stare civil\u0103 din Vene\u021bia cu speran\u021ba de a-\u0219i oficializa re\u0219edin\u021ba \u00een ora\u0219, [\u2026]<\/div>\n","protected":false},"author":1,"featured_media":69585,"comment_status":"closed","ping_status":"closed","sticky":false,"template":"","format":"standard","meta":{"jnews-multi-image_gallery":[],"jnews_single_post":[],"jnews_primary_category":[],"jnews_social_meta":[],"jnews_override_counter":[],"footnotes":""},"categories":[29],"tags":[],"class_list":["post-69584","post","type-post","status-publish","format-standard","has-post-thumbnail","hentry","category-externe_ro"],"_links":{"self":[{"href":"https:\/\/orheifm.live\/index.php\/wp-json\/wp\/v2\/posts\/69584","targetHints":{"allow":["GET"]}}],"collection":[{"href":"https:\/\/orheifm.live\/index.php\/wp-json\/wp\/v2\/posts"}],"about":[{"href":"https:\/\/orheifm.live\/index.php\/wp-json\/wp\/v2\/types\/post"}],"author":[{"embeddable":true,"href":"https:\/\/orheifm.live\/index.php\/wp-json\/wp\/v2\/users\/1"}],"replies":[{"embeddable":true,"href":"https:\/\/orheifm.live\/index.php\/wp-json\/wp\/v2\/comments?post=69584"}],"version-history":[{"count":0,"href":"https:\/\/orheifm.live\/index.php\/wp-json\/wp\/v2\/posts\/69584\/revisions"}],"wp:featuredmedia":[{"embeddable":true,"href":"https:\/\/orheifm.live\/index.php\/wp-json\/wp\/v2\/media\/69585"}],"wp:attachment":[{"href":"https:\/\/orheifm.live\/index.php\/wp-json\/wp\/v2\/media?parent=69584"}],"wp:term":[{"taxonomy":"category","embeddable":true,"href":"https:\/\/orheifm.live\/index.php\/wp-json\/wp\/v2\/categories?post=69584"},{"taxonomy":"post_tag","embeddable":true,"href":"https:\/\/orheifm.live\/index.php\/wp-json\/wp\/v2\/tags?post=69584"}],"curies":[{"name":"wp","href":"https:\/\/api.w.org\/{rel}","templated":true}]}}