{"id":69582,"date":"2025-03-22T14:25:34","date_gmt":"2025-03-22T12:25:34","guid":{"rendered":"https:\/\/orheifm.live\/index.php\/2025\/03\/22\/copil-gasit-spanzurat-in-municipiul-chisinau-mama-sa-a-alertat-politia\/"},"modified":"2025-03-22T14:25:34","modified_gmt":"2025-03-22T12:25:34","slug":"copil-gasit-spanzurat-in-municipiul-chisinau-mama-sa-a-alertat-politia","status":"publish","type":"post","link":"https:\/\/orheifm.live\/index.php\/2025\/03\/22\/copil-gasit-spanzurat-in-municipiul-chisinau-mama-sa-a-alertat-politia\/","title":{"rendered":"Copil g\u0103sit sp\u00e2nzurat \u00een municipiul Chi\u0219in\u0103u. Mama sa a alertat poli\u021bia"},"content":{"rendered":"<div>\n<p>O femeie a alertat poli\u021bia, dup\u0103 ce \u0219i-a g\u0103sit copilul sp\u00e2nzurat. Descoperirea macabr\u0103 a avut loc ieri-seara, \u00een jurul orei 19:05, \u00een localitatea Hulboaca, din municipiul Chi\u0219in\u0103u, sus\u021bin sursele<a href=\"https:\/\/pulsmedia.md\/article\/5f73f0275d62586a\/copil-gasit-spanzurat-in-municipiul-chisinau-mama-sa-a-alertat-politia.html\"> PulsMedia.MD<\/a><\/p>\n<p>Victima s-a dovedit a fi un adolescent de 15 ani. Cadavrul sp\u00e2nzurat al acestuia a fost g\u0103sit de c\u0103tre mama sa \u00een podul casei.<\/p>\n<p>A alertat poli\u021bia.<\/p>\n<p>Medicul-legist venit la fa\u021ba locului nu a depistat semne de moarte violent\u0103 pe suprafa\u021ba cadavrului, fapt care \u00eei face pe oamenii legii s\u0103 cread\u0103 c\u0103 ar fi vorba despre un caz de suicid.<\/p>\n<p>Oamenii legii au ini\u021biat o anchet\u0103 \u00een acest caz pentru a stabili toate circumstan\u021bele \u00een care s-a produs tragedia, dar \u0219i motivul care l-a f\u0103cut pe copil s\u0103 recurg\u0103 la acest gest disperat.<\/p>\n<\/div>\n","protected":false},"excerpt":{"rendered":"<div><img loading=\"lazy\" decoding=\"async\" width=\"696\" height=\"392\" src=\"https:\/\/canal5.md\/wp-content\/uploads\/2024\/12\/politia-nu-treceti-1-1280x720-1-1024x576-optimized.jpg\" class=\"attachment-large size-large wp-post-image\" alt=\"\" srcset=\"https:\/\/canal5.md\/wp-content\/uploads\/2024\/12\/politia-nu-treceti-1-1280x720-1-1024x576-optimized.jpg 1024w, https:\/\/canal5.md\/wp-content\/uploads\/2024\/12\/politia-nu-treceti-1-1280x720-1-300x169-optimized.jpg 300w, https:\/\/canal5.md\/wp-content\/uploads\/2024\/12\/politia-nu-treceti-1-1280x720-1-768x432-optimized.jpg 768w, https:\/\/canal5.md\/wp-content\/uploads\/2024\/12\/politia-nu-treceti-1-1280x720-1-696x392-optimized.jpg 696w, https:\/\/canal5.md\/wp-content\/uploads\/2024\/12\/politia-nu-treceti-1-1280x720-1-1068x601-optimized.jpg 1068w, https:\/\/canal5.md\/wp-content\/uploads\/2024\/12\/politia-nu-treceti-1-1280x720-1-optimized.jpg 1280w\">O femeie a alertat poli\u021bia, dup\u0103 ce \u0219i-a g\u0103sit copilul sp\u00e2nzurat. Descoperirea macabr\u0103 a avut loc ieri-seara, \u00een jurul orei 19:05, \u00een localitatea Hulboaca, din municipiul Chi\u0219in\u0103u, sus\u021bin sursele PulsMedia.MD Victima s-a dovedit a fi un adolescent de 15 ani. Cadavrul sp\u00e2nzurat al acestuia a fost g\u0103sit de c\u0103tre mama sa \u00een podul casei. A [\u2026]<\/div>\n","protected":false},"author":1,"featured_media":69583,"comment_status":"closed","ping_status":"closed","sticky":false,"template":"","format":"standard","meta":{"jnews-multi-image_gallery":[],"jnews_single_post":[],"jnews_primary_category":[],"jnews_social_meta":[],"jnews_override_counter":[],"footnotes":""},"categories":[30],"tags":[],"class_list":["post-69582","post","type-post","status-publish","format-standard","has-post-thumbnail","hentry","category-social_ro"],"_links":{"self":[{"href":"https:\/\/orheifm.live\/index.php\/wp-json\/wp\/v2\/posts\/69582","targetHints":{"allow":["GET"]}}],"collection":[{"href":"https:\/\/orheifm.live\/index.php\/wp-json\/wp\/v2\/posts"}],"about":[{"href":"https:\/\/orheifm.live\/index.php\/wp-json\/wp\/v2\/types\/post"}],"author":[{"embeddable":true,"href":"https:\/\/orheifm.live\/index.php\/wp-json\/wp\/v2\/users\/1"}],"replies":[{"embeddable":true,"href":"https:\/\/orheifm.live\/index.php\/wp-json\/wp\/v2\/comments?post=69582"}],"version-history":[{"count":0,"href":"https:\/\/orheifm.live\/index.php\/wp-json\/wp\/v2\/posts\/69582\/revisions"}],"wp:featuredmedia":[{"embeddable":true,"href":"https:\/\/orheifm.live\/index.php\/wp-json\/wp\/v2\/media\/69583"}],"wp:attachment":[{"href":"https:\/\/orheifm.live\/index.php\/wp-json\/wp\/v2\/media?parent=69582"}],"wp:term":[{"taxonomy":"category","embeddable":true,"href":"https:\/\/orheifm.live\/index.php\/wp-json\/wp\/v2\/categories?post=69582"},{"taxonomy":"post_tag","embeddable":true,"href":"https:\/\/orheifm.live\/index.php\/wp-json\/wp\/v2\/tags?post=69582"}],"curies":[{"name":"wp","href":"https:\/\/api.w.org\/{rel}","templated":true}]}}