{"id":69578,"date":"2025-03-22T12:20:11","date_gmt":"2025-03-22T10:20:11","guid":{"rendered":"https:\/\/orheifm.live\/index.php\/2025\/03\/22\/tentativa-de-scoatere-ilegala-a-valutei-depistata-la-aeroportul-chisinau\/"},"modified":"2025-03-22T12:20:11","modified_gmt":"2025-03-22T10:20:11","slug":"tentativa-de-scoatere-ilegala-a-valutei-depistata-la-aeroportul-chisinau","status":"publish","type":"post","link":"https:\/\/orheifm.live\/index.php\/2025\/03\/22\/tentativa-de-scoatere-ilegala-a-valutei-depistata-la-aeroportul-chisinau\/","title":{"rendered":"Tentativ\u0103 de scoatere ilegal\u0103 a valutei depistat\u0103 la Aeroportul Chi\u0219in\u0103u"},"content":{"rendered":"<div>\n<p><strong>\u00cen Aeroportul Interna\u021bional Chi\u0219in\u0103u, poli\u021bi\u0219tii de frontier\u0103, \u00een colaborare cu func\u021bionarii vamali, au descoperit o tentativ\u0103 de scoatere ilegal\u0103 a valutei din \u021bar\u0103. <\/strong><\/p>\n<p>Verific\u0103rile efectuate asupra pasagerilor rutei \u201eChi\u0219in\u0103u \u2013 N\u00fcrnberg\u201d au dus la depistarea a 30.000 EUR nedeclara\u021bi, \u00eentr-un bagaj al unei nerezidente de 53 de ani.<\/p>\n<p>Banii au fost ridica\u021bi, iar cazul a fost preluat pentru investigare de c\u0103tre Serviciul Vamal.<\/p>\n<\/div>\n","protected":false},"excerpt":{"rendered":"<div><img loading=\"lazy\" decoding=\"async\" width=\"696\" height=\"522\" src=\"https:\/\/canal5.md\/wp-content\/uploads\/2025\/03\/photo_2025-03-22_11-09-37-1024x768-optimized.jpg\" class=\"attachment-large size-large wp-post-image\" alt=\"\" srcset=\"https:\/\/canal5.md\/wp-content\/uploads\/2025\/03\/photo_2025-03-22_11-09-37-1024x768-optimized.jpg 1024w, https:\/\/canal5.md\/wp-content\/uploads\/2025\/03\/photo_2025-03-22_11-09-37-300x225-optimized.jpg 300w, https:\/\/canal5.md\/wp-content\/uploads\/2025\/03\/photo_2025-03-22_11-09-37-768x576-optimized.jpg 768w, https:\/\/canal5.md\/wp-content\/uploads\/2025\/03\/photo_2025-03-22_11-09-37-696x522-optimized.jpg 696w, https:\/\/canal5.md\/wp-content\/uploads\/2025\/03\/photo_2025-03-22_11-09-37-1068x801-optimized.jpg 1068w, https:\/\/canal5.md\/wp-content\/uploads\/2025\/03\/photo_2025-03-22_11-09-37-optimized.jpg 1280w\">\u00cen Aeroportul Interna\u021bional Chi\u0219in\u0103u, poli\u021bi\u0219tii de frontier\u0103, \u00een colaborare cu func\u021bionarii vamali, au descoperit o tentativ\u0103 de scoatere ilegal\u0103 a valutei din \u021bar\u0103. Verific\u0103rile efectuate asupra pasagerilor rutei \u201eChi\u0219in\u0103u \u2013 N\u00fcrnberg\u201d au dus la depistarea a 30.000 EUR nedeclara\u021bi, \u00eentr-un bagaj al unei nerezidente de 53 de ani. Banii au fost ridica\u021bi, iar cazul a [\u2026]<\/div>\n","protected":false},"author":1,"featured_media":69579,"comment_status":"closed","ping_status":"closed","sticky":false,"template":"","format":"standard","meta":{"jnews-multi-image_gallery":[],"jnews_single_post":[],"jnews_primary_category":[],"jnews_social_meta":[],"jnews_override_counter":[],"footnotes":""},"categories":[30],"tags":[],"class_list":["post-69578","post","type-post","status-publish","format-standard","has-post-thumbnail","hentry","category-social_ro"],"_links":{"self":[{"href":"https:\/\/orheifm.live\/index.php\/wp-json\/wp\/v2\/posts\/69578","targetHints":{"allow":["GET"]}}],"collection":[{"href":"https:\/\/orheifm.live\/index.php\/wp-json\/wp\/v2\/posts"}],"about":[{"href":"https:\/\/orheifm.live\/index.php\/wp-json\/wp\/v2\/types\/post"}],"author":[{"embeddable":true,"href":"https:\/\/orheifm.live\/index.php\/wp-json\/wp\/v2\/users\/1"}],"replies":[{"embeddable":true,"href":"https:\/\/orheifm.live\/index.php\/wp-json\/wp\/v2\/comments?post=69578"}],"version-history":[{"count":0,"href":"https:\/\/orheifm.live\/index.php\/wp-json\/wp\/v2\/posts\/69578\/revisions"}],"wp:featuredmedia":[{"embeddable":true,"href":"https:\/\/orheifm.live\/index.php\/wp-json\/wp\/v2\/media\/69579"}],"wp:attachment":[{"href":"https:\/\/orheifm.live\/index.php\/wp-json\/wp\/v2\/media?parent=69578"}],"wp:term":[{"taxonomy":"category","embeddable":true,"href":"https:\/\/orheifm.live\/index.php\/wp-json\/wp\/v2\/categories?post=69578"},{"taxonomy":"post_tag","embeddable":true,"href":"https:\/\/orheifm.live\/index.php\/wp-json\/wp\/v2\/tags?post=69578"}],"curies":[{"name":"wp","href":"https:\/\/api.w.org\/{rel}","templated":true}]}}